{"id":109667,"date":"2019-08-10T10:47:03","date_gmt":"2019-08-10T13:47:03","guid":{"rendered":"http:\/\/www.caririemacao.com\/1\/?p=109667"},"modified":"2019-08-10T10:47:03","modified_gmt":"2019-08-10T13:47:03","slug":"bolsonaro-diz-que-pessoas-que-tem-mais-cultura-tem-menos-filhos-e-que-ele-e-excecao","status":"publish","type":"post","link":"https:\/\/www.caririemacao.com\/1\/2019\/08\/10\/bolsonaro-diz-que-pessoas-que-tem-mais-cultura-tem-menos-filhos-e-que-ele-e-excecao\/","title":{"rendered":"Bolsonaro diz que &#8216;pessoas que t\u00eam mais cultura t\u00eam menos filhos&#8217; e que ele \u00e9 exce\u00e7\u00e3o"},"content":{"rendered":"\n<p>\u00a0O presidente Jair Bolsonaro afirmou nesta sexta-feira que &#8220;pessoas que t\u00eam mais cultura t\u00eam menos filhos&#8221; ao defender uma pol\u00edtica de planejamento familiar. Em entrevista coletiva na sa\u00edda do Pal\u00e1cio da Alvorada, Bolsonaro disse que ele era &#8220;uma exce\u00e7\u00e3o \u00e0 regra&#8221;.<\/p>\n\n\n\n<p>Em seguida, ele defendeu a ado\u00e7\u00e3o de uma pol\u00edtica de planejamento familiar, apontando que nascem 70 milh\u00f5es de pessoas no mundo por ano. Pai de cinco filhos, ele citou o pr\u00f3prio exemplo como uma exce\u00e7\u00e3o.<\/p>\n\n\n\n<p>\u2014 N\u00e3o \u00e9 controle n\u00e3o, voc\u00ea vai botar na capa da &#8220;Folha&#8221; amanh\u00e3 que eu t\u00f4 dizendo que tem que ter controle de natalidade. Planejamento familiar. Voc\u00ea olha que as as pessoas que t\u00eam mais cultura t\u00eam menos filhos. Eu sou uma exce\u00e7\u00e3o \u00e0 regra, tenho cinco, t\u00e1 certo? Mas como regra \u00e9 isso \u2014 afirmou ap\u00f3s apontar que nascem 70 milh\u00f5es de pessoas no mundo por ano.<\/p>\n\n\n\n<p>O presidente disse que o mundo tem hoje aproximadamente 7,6 bilh\u00f5es de habitantes e se referiu a n\u00fameros que disse ter recebido do Minist\u00e9rio da Defesa, contabilizados no alistamento militar obrigat\u00f3rio, que equivale a nascidos h\u00e1 18 anos, para dizer que o Brasil ganha um pouco mais de 2 milh\u00f5es de habitantes anualmente.<\/p>\n\n\n\n<p>\u2014 O pessoal tem que comer. E como \u00e9 que voc\u00ea tem que estimular o agroneg\u00f3cio? \u00c9 a parte da economia que mais est\u00e1 dando certo no Brasil. N\u00f3s concorremos com Austr\u00e1lia, Estados Unidos, ent\u00e3o temos que colaborar com esse setor \u2014 afirmou.<\/p>\n\n\n\n<p>Ainda durante a coletiva, em meio a uma resposta sobre os efeitos do desenvolvimento da agropecu\u00e1ria para o meio ambiente no Brasil, o presidente sugeriu que um rep\u00f3rter &#8220;fa\u00e7a coc\u00f4 dia sim, dia n\u00e3o&#8221; e coma menos para combater a polui\u00e7\u00e3o ambiental. Ele havia sido questionado se \u00e9 poss\u00edvel fazer o pa\u00eds crescer com preserva\u00e7\u00e3o, depois de destacar a necessidade de alimentar a popula\u00e7\u00e3o crescente e dizer que que a press\u00e3o internacional contra o desmatamento ocorre porque &#8220;eles querem a Amaz\u00f4nia.<\/p>\n","protected":false},"excerpt":{"rendered":"<p>\u00a0O presidente Jair Bolsonaro afirmou nesta sexta-feira que &#8220;pessoas que t\u00eam mais cultura t\u00eam menos filhos&#8221; ao defender uma pol\u00edtica de planejamento familiar. Em entrevista&hellip; <\/p>\n","protected":false},"author":1,"featured_media":109562,"comment_status":"closed","ping_status":"closed","sticky":false,"template":"","format":"standard","meta":{"sfsi_plus_gutenberg_text_before_share":"","sfsi_plus_gutenberg_show_text_before_share":"","sfsi_plus_gutenberg_icon_type":"","sfsi_plus_gutenberg_icon_alignemt":"","sfsi_plus_gutenburg_max_per_row":"","footnotes":""},"categories":[11],"tags":[],"class_list":["post-109667","post","type-post","status-publish","format-standard","has-post-thumbnail","hentry","category-politica"],"_links":{"self":[{"href":"https:\/\/www.caririemacao.com\/1\/wp-json\/wp\/v2\/posts\/109667","targetHints":{"allow":["GET"]}}],"collection":[{"href":"https:\/\/www.caririemacao.com\/1\/wp-json\/wp\/v2\/posts"}],"about":[{"href":"https:\/\/www.caririemacao.com\/1\/wp-json\/wp\/v2\/types\/post"}],"author":[{"embeddable":true,"href":"https:\/\/www.caririemacao.com\/1\/wp-json\/wp\/v2\/users\/1"}],"replies":[{"embeddable":true,"href":"https:\/\/www.caririemacao.com\/1\/wp-json\/wp\/v2\/comments?post=109667"}],"version-history":[{"count":1,"href":"https:\/\/www.caririemacao.com\/1\/wp-json\/wp\/v2\/posts\/109667\/revisions"}],"predecessor-version":[{"id":109668,"href":"https:\/\/www.caririemacao.com\/1\/wp-json\/wp\/v2\/posts\/109667\/revisions\/109668"}],"wp:featuredmedia":[{"embeddable":true,"href":"https:\/\/www.caririemacao.com\/1\/wp-json\/wp\/v2\/media\/109562"}],"wp:attachment":[{"href":"https:\/\/www.caririemacao.com\/1\/wp-json\/wp\/v2\/media?parent=109667"}],"wp:term":[{"taxonomy":"category","embeddable":true,"href":"https:\/\/www.caririemacao.com\/1\/wp-json\/wp\/v2\/categories?post=109667"},{"taxonomy":"post_tag","embeddable":true,"href":"https:\/\/www.caririemacao.com\/1\/wp-json\/wp\/v2\/tags?post=109667"}],"curies":[{"name":"wp","href":"https:\/\/api.w.org\/{rel}","templated":true}]}}