{"id":109671,"date":"2019-08-10T11:38:18","date_gmt":"2019-08-10T14:38:18","guid":{"rendered":"http:\/\/www.caririemacao.com\/1\/?p=109671"},"modified":"2019-08-10T11:38:18","modified_gmt":"2019-08-10T14:38:18","slug":"indicadores-mostram-atividade-fraca-no-2o-trimestre","status":"publish","type":"post","link":"https:\/\/www.caririemacao.com\/1\/2019\/08\/10\/indicadores-mostram-atividade-fraca-no-2o-trimestre\/","title":{"rendered":"Indicadores mostram atividade fraca no 2\u00ba trimestre"},"content":{"rendered":"\n<p>Com a divulga\u00e7\u00e3o de todos os principais indicadores econ\u00f4micos do segundo trimestre, analistas do mercado financeiro e de consultorias passaram a projetar um desempenho para o PIB do per\u00edodo pr\u00f3ximo da estabilidade, ap\u00f3s a queda de 0,2% nos tr\u00eas primeiros meses do ano.<\/p>\n\n\n\n<p>A expectativa predominante \u00e9 que o resultado do trimestre, que ser\u00e1 divulgado pelo IBGE no dia 29, seja ligeiramente positivo, embora n\u00e3o se possa descartar nova retra\u00e7\u00e3o, o que configuraria um recess\u00e3o t\u00e9cnica. Dados preliminares negativos para o terceiro trimestre mostram que n\u00e3o h\u00e1 sinais de recupera\u00e7\u00e3o nos pr\u00f3ximos meses.<\/p>\n\n\n\n<p>Os n\u00fameros do IBGE mostraram que o setor industrial teve retra\u00e7\u00e3o de 0,1% no trimestre encerrado em junho, mantendo a trajet\u00f3ria predominantemente descendente iniciada em agosto de 2018. O com\u00e9rcio varejista cresceu 1,2%. O setor de servi\u00e7os recuou 0,6%.<\/p>\n\n\n\n<p>Em rela\u00e7\u00e3o \u00e0s expectativas, os indicadores do Ibre\/FGV mostraram queda na confian\u00e7a de consumidores, com\u00e9rcio e ind\u00fastria no trimestre encerrado em julho.<\/p>\n\n\n\n<p>Luka Barbosa, economista do Ita\u00fa Unibanco, estima crescimento de 0,5% no segundo trimestre. &#8220;N\u00e3o \u00e9 um quadro de recess\u00e3o, mas os dados de junho foram bem ruins, e os indicadores preliminares de julho indicam queda. Estamos com uma vis\u00e3o de nova desacelera\u00e7\u00e3o no 3\u00ba trimestre, que tem risco de ser negativo.&#8221;<\/p>\n\n\n\n<p>Barbosa afirma que a institui\u00e7\u00e3o trabalha com um c\u00e1lculo pr\u00f3prio sobre o ritmo de atividade que tenta extrair a volatilidade dos dados oficiais do PIB. Esse c\u00e1lculo aponta um crescimento anualizado pr\u00f3ximo de 1% desde 2017, cen\u00e1rio que n\u00e3o se alterou no trimestre encerrado em junho.<\/p>\n\n\n\n<p>&#8220;N\u00e3o vemos nenhum sinal de retomada, saindo desse 1%.&#8221;<\/p>\n\n\n\n<p>Para 2020, a institui\u00e7\u00e3o projeta crescimento de 1,7%. A reforma da Previd\u00eancia vai permitir ao Banco Central reduzir a taxa b\u00e1sica de juros, fator que contribui para essa melhora. Por outro lado, ele afirma que a desacelera\u00e7\u00e3o da economia e do com\u00e9rcio mundial ter\u00e1 impacto importante no Brasil, prejudicando exporta\u00e7\u00f5es e investimentos. Al\u00e9m disso, Uni\u00e3o, estados e munic\u00edpios continuar\u00e3o sem espa\u00e7o fiscal para investimentos.<\/p>\n\n\n\n<p>O Banco Central tamb\u00e9m afirma que o PIB deve ficar est\u00e1vel no trimestre. Na ata da mais recente reuni\u00e3o do Copom (Comit\u00ea de Pol\u00edtica Monet\u00e1ria), diz que indicadores apontam interrup\u00e7\u00e3o do processo de recupera\u00e7\u00e3o da economia nos \u00faltimos trimestres. A institui\u00e7\u00e3o espera retomada gradual adiante.<\/p>\n\n\n\n<p>O economista-chefe do banco Fator, Jos\u00e9 Francisco de Lima Gon\u00e7alves, n\u00e3o descarta nova retra\u00e7\u00e3o. &#8220;Os indicadores de atividade do IBGE referentes ao segundo trimestre sugerem contra\u00e7\u00e3o do PIB na compara\u00e7\u00e3o com o primeiro trimestre. O pior vai ser ficarmos esperando os efeitos prometidos da reforma da Previd\u00eancia, e outras, sobre as expectativas e sobre a demanda, portanto o emprego.&#8221;<\/p>\n","protected":false},"excerpt":{"rendered":"<p>Com a divulga\u00e7\u00e3o de todos os principais indicadores econ\u00f4micos do segundo trimestre, analistas do mercado financeiro e de consultorias passaram a projetar um desempenho para&hellip; <\/p>\n","protected":false},"author":1,"featured_media":109672,"comment_status":"closed","ping_status":"closed","sticky":false,"template":"","format":"standard","meta":{"sfsi_plus_gutenberg_text_before_share":"","sfsi_plus_gutenberg_show_text_before_share":"","sfsi_plus_gutenberg_icon_type":"","sfsi_plus_gutenberg_icon_alignemt":"","sfsi_plus_gutenburg_max_per_row":"","footnotes":""},"categories":[2],"tags":[],"class_list":["post-109671","post","type-post","status-publish","format-standard","has-post-thumbnail","hentry","category-geral"],"_links":{"self":[{"href":"https:\/\/www.caririemacao.com\/1\/wp-json\/wp\/v2\/posts\/109671","targetHints":{"allow":["GET"]}}],"collection":[{"href":"https:\/\/www.caririemacao.com\/1\/wp-json\/wp\/v2\/posts"}],"about":[{"href":"https:\/\/www.caririemacao.com\/1\/wp-json\/wp\/v2\/types\/post"}],"author":[{"embeddable":true,"href":"https:\/\/www.caririemacao.com\/1\/wp-json\/wp\/v2\/users\/1"}],"replies":[{"embeddable":true,"href":"https:\/\/www.caririemacao.com\/1\/wp-json\/wp\/v2\/comments?post=109671"}],"version-history":[{"count":1,"href":"https:\/\/www.caririemacao.com\/1\/wp-json\/wp\/v2\/posts\/109671\/revisions"}],"predecessor-version":[{"id":109673,"href":"https:\/\/www.caririemacao.com\/1\/wp-json\/wp\/v2\/posts\/109671\/revisions\/109673"}],"wp:featuredmedia":[{"embeddable":true,"href":"https:\/\/www.caririemacao.com\/1\/wp-json\/wp\/v2\/media\/109672"}],"wp:attachment":[{"href":"https:\/\/www.caririemacao.com\/1\/wp-json\/wp\/v2\/media?parent=109671"}],"wp:term":[{"taxonomy":"category","embeddable":true,"href":"https:\/\/www.caririemacao.com\/1\/wp-json\/wp\/v2\/categories?post=109671"},{"taxonomy":"post_tag","embeddable":true,"href":"https:\/\/www.caririemacao.com\/1\/wp-json\/wp\/v2\/tags?post=109671"}],"curies":[{"name":"wp","href":"https:\/\/api.w.org\/{rel}","templated":true}]}}