{"id":109681,"date":"2019-08-10T11:41:26","date_gmt":"2019-08-10T14:41:26","guid":{"rendered":"http:\/\/www.caririemacao.com\/1\/?p=109681"},"modified":"2019-08-10T11:41:26","modified_gmt":"2019-08-10T14:41:26","slug":"brasil-sedia-copa-dos-refugiados-e-imigrantes-2019","status":"publish","type":"post","link":"https:\/\/www.caririemacao.com\/1\/2019\/08\/10\/brasil-sedia-copa-dos-refugiados-e-imigrantes-2019\/","title":{"rendered":"Brasil sedia Copa dos Refugiados e Imigrantes 2019"},"content":{"rendered":"\n<p>maior projeto de integra\u00e7\u00e3o esportiva que envolve refugiados e migrantes no Brasil \u00e9 realizada em Bras\u00edlia neste fim de semana. A etapa da Copa de Futebol dos Refugiados e Imigrantes no Distrito Federal conta com a participa\u00e7\u00e3o de 160 jogadores amadores, 20 em cada sele\u00e7\u00e3o.<\/p>\n\n\n\n<p>Os participantes representam equipes de seus pa\u00edses de origem, principalmente da Rep\u00fablica Democr\u00e1tica do Congo, de Cabo Verde, Gana, do Paquist\u00e3o, Haiti, da Guin\u00e9 Conacri, Col\u00f4mbia e Venezuela.<\/p>\n\n\n\n<p>O tema da Copa dos Refugiados e Imigrantes 2019 \u00e9 \u201cReserve um minuto para ouvir uma pessoa que deixou o seu pa\u00eds\u201d. Ao todo, a competi\u00e7\u00e3o envolve aproximadamente 1.120 atletas de 39 nacionalidades, reunindo pessoas em situa\u00e7\u00e3o de ref\u00fagio e migrantes.<\/p>\n\n\n\n<p>Com a competi\u00e7\u00e3o, as institui\u00e7\u00f5es organizadoras querem mostrar a realidade desses imigrantes ao p\u00fablico brasileiro e, assim, avan\u00e7ar na luta contra os preconceitos, as discrimina\u00e7\u00f5es e a xenofobia. O evento tamb\u00e9m chama a aten\u00e7\u00e3o para a necessidade de inser\u00e7\u00e3o dos refugiados e imigrantes no mercado de trabalho.<\/p>\n\n\n\n<p>Outro objetivo da iniciativa \u00e9 reconhecer as tradi\u00e7\u00f5es culturais desses povos.<\/p>\n\n\n\n<p><strong>Lan\u00e7amento<\/strong><\/p>\n\n\n\n<p>O chefe da miss\u00e3o da Organiza\u00e7\u00e3o Internacional para as Migra\u00e7\u00f5es (OIM) no Brasil, St\u00e9phane Rostiaux, destacou que \u201co aspecto sociocultural muitas vezes \u00e9 deixado em segundo plano na integra\u00e7\u00e3o dos migrantes&#8221;. Acrescentou que para a OIM, apoiar iniciativas como a Copa dos Refugiados e Imigrantes \u00e9 fundamental para criar condi\u00e7\u00f5es que garantam uma inclus\u00e3o sustent\u00e1vel e que beneficia a todos.\u201d<\/p>\n\n\n\n<p>O lan\u00e7amento oficial da etapa de Bras\u00edlia ocorreu nessa sexta-feira (9), no audit\u00f3rio do Est\u00e1dio Man\u00e9 Garrincha, com a presen\u00e7a de autoridades.<\/p>\n\n\n\n<p><strong>Disputas<\/strong><\/p>\n\n\n\n<p>Neste s\u00e1bado (10), come\u00e7am as disputas na Arena 310 e os times finalistas decidir\u00e3o a etapa amanh\u00e3 \u00e0 tarde, no Est\u00e1dio Valmir Campelo. Os eventos s\u00e3o abertos ao p\u00fablico.<\/p>\n\n\n\n<p>A sele\u00e7\u00e3o campe\u00e3 desta etapa disputar\u00e1 a chamada Copa do Brasil de Refugiados e Imigrantes, no Rio de Janeiro, com vencedores das outras rodadas regionais que ocorrer\u00e3o em Porto Alegre, no Rio de Janeiro, em Curitiba, no Recife e em S\u00e3o Paulo.<\/p>\n\n\n\n<p><strong>Origem<\/strong><\/p>\n\n\n\n<p>O evento surgiu em 2014 na cidade de S\u00e3o Paulo, como uma iniciativa da organiza\u00e7\u00e3o n\u00e3o governamental (ONG) \u00c1frica do Cora\u00e7\u00e3o, com o apoio da Ag\u00eancia das Na\u00e7\u00f5es Unidas para Refugiados (Acnur).<\/p>\n\n\n\n<p>Para o representante da Acnur no Brasil, Jos\u00e9 Egas, o evento representa um projeto de integra\u00e7\u00e3o por meio do esporte, envolvendo refugiados que representam seus pa\u00edses e que buscam promover culturas, talentos e conhecimentos no Brasil.\u201d Ele disse que para o Acnur, \u201cganham os refugiados, imigrantes e a popula\u00e7\u00e3o brasileira.\u201d<\/p>\n\n\n\n<p>Promovida na capital paulista desde ent\u00e3o, a iniciativa teve, em 2017, uma edi\u00e7\u00e3o realizada em Porto Alegre e outra, em 2018, no Rio de Janeiro. Este ano, a Copa dos Refugiados e Imigrantes ter\u00e1 estreia em Bras\u00edlia, Curitiba e no Recife.<\/p>\n\n\n\n<p>A Copa dos Refugiados e Imigrantes tem ainda o apoio da empresa Sodexo, do governo do Distrito Federal, do Instituto Migra\u00e7\u00e3o e Direitos Humanos e da Caritas Brasileira.<\/p>\n","protected":false},"excerpt":{"rendered":"<p>maior projeto de integra\u00e7\u00e3o esportiva que envolve refugiados e migrantes no Brasil \u00e9 realizada em Bras\u00edlia neste fim de semana. A etapa da Copa de&hellip; <\/p>\n","protected":false},"author":1,"featured_media":109682,"comment_status":"closed","ping_status":"closed","sticky":false,"template":"","format":"standard","meta":{"sfsi_plus_gutenberg_text_before_share":"","sfsi_plus_gutenberg_show_text_before_share":"","sfsi_plus_gutenberg_icon_type":"","sfsi_plus_gutenberg_icon_alignemt":"","sfsi_plus_gutenburg_max_per_row":"","footnotes":""},"categories":[13],"tags":[],"class_list":["post-109681","post","type-post","status-publish","format-standard","has-post-thumbnail","hentry","category-esportes"],"_links":{"self":[{"href":"https:\/\/www.caririemacao.com\/1\/wp-json\/wp\/v2\/posts\/109681","targetHints":{"allow":["GET"]}}],"collection":[{"href":"https:\/\/www.caririemacao.com\/1\/wp-json\/wp\/v2\/posts"}],"about":[{"href":"https:\/\/www.caririemacao.com\/1\/wp-json\/wp\/v2\/types\/post"}],"author":[{"embeddable":true,"href":"https:\/\/www.caririemacao.com\/1\/wp-json\/wp\/v2\/users\/1"}],"replies":[{"embeddable":true,"href":"https:\/\/www.caririemacao.com\/1\/wp-json\/wp\/v2\/comments?post=109681"}],"version-history":[{"count":1,"href":"https:\/\/www.caririemacao.com\/1\/wp-json\/wp\/v2\/posts\/109681\/revisions"}],"predecessor-version":[{"id":109683,"href":"https:\/\/www.caririemacao.com\/1\/wp-json\/wp\/v2\/posts\/109681\/revisions\/109683"}],"wp:featuredmedia":[{"embeddable":true,"href":"https:\/\/www.caririemacao.com\/1\/wp-json\/wp\/v2\/media\/109682"}],"wp:attachment":[{"href":"https:\/\/www.caririemacao.com\/1\/wp-json\/wp\/v2\/media?parent=109681"}],"wp:term":[{"taxonomy":"category","embeddable":true,"href":"https:\/\/www.caririemacao.com\/1\/wp-json\/wp\/v2\/categories?post=109681"},{"taxonomy":"post_tag","embeddable":true,"href":"https:\/\/www.caririemacao.com\/1\/wp-json\/wp\/v2\/tags?post=109681"}],"curies":[{"name":"wp","href":"https:\/\/api.w.org\/{rel}","templated":true}]}}