{"id":109688,"date":"2019-08-10T13:38:04","date_gmt":"2019-08-10T16:38:04","guid":{"rendered":"http:\/\/www.caririemacao.com\/1\/?p=109688"},"modified":"2019-08-10T13:38:55","modified_gmt":"2019-08-10T16:38:55","slug":"camalau-promove-festa-e-prefeito-sorteia-moto-para-os-pais-neste-sabado","status":"publish","type":"post","link":"https:\/\/www.caririemacao.com\/1\/2019\/08\/10\/camalau-promove-festa-e-prefeito-sorteia-moto-para-os-pais-neste-sabado\/","title":{"rendered":"Camala\u00fa promove festa e prefeito sorteia moto para os pais neste s\u00e1bado"},"content":{"rendered":"\n<p><\/p>\n\n\n\n<figure class=\"wp-block-image\"><a href=\"https:\/\/www.portaltvcariri.com.br\/\"><img decoding=\"async\" data-src=\"https:\/\/www.portaltvcariri.com.br\/wp-content\/uploads\/2019\/08\/logotvcaririoficial-6.png\" alt=\"Portal TV Cariri\" src=\"data:image\/svg+xml;base64,PHN2ZyB3aWR0aD0iMSIgaGVpZ2h0PSIxIiB4bWxucz0iaHR0cDovL3d3dy53My5vcmcvMjAwMC9zdmciPjwvc3ZnPg==\" class=\"lazyload\" \/><\/a><\/figure>\n\n\n\n<figure class=\"wp-block-image\"><img decoding=\"async\" data-src=\"https:\/\/www.portaltvcariri.com.br\/wp-content\/uploads\/2019\/01\/camala%C3%BA-pb-foto.jpg\" alt=\"camala\u00fa pb foto\" src=\"data:image\/svg+xml;base64,PHN2ZyB3aWR0aD0iMSIgaGVpZ2h0PSIxIiB4bWxucz0iaHR0cDovL3d3dy53My5vcmcvMjAwMC9zdmciPjwvc3ZnPg==\" class=\"lazyload\" \/><\/figure>\n\n\n\n<p>Ser\u00e1 realizada neste s\u00e1bado, dia 10, uma grande festa para comemorar o dia dos pais, na cidade de Camala\u00fa.&nbsp;O evento \u00e9 promovido pela Prefeitura de Camala\u00fa e come\u00e7ar\u00e1 \u00e0s 18h, na Pra\u00e7a de Eventos. Durante a festa o prefeito da cidade Sandro M\u00f4co promover\u00e1 o sorteiro uma moto para os pais que estiverem participando do evento, a motocicleta \u00e9 patroc\u00ednio particular do prefeito Sandro, que tem mudado a forma de fazer politicas p\u00fablicas na cidade de Camala\u00fa e vem desenvolvendo um pacote de a\u00e7\u00f5es que est\u00e1 beneficiando desde a Zona Rural onde est\u00e1 o homem do campo at\u00e9 os bairros mais carentes da cidade.<\/p>\n\n\n\n<figure class=\"wp-block-image\"><a href=\"https:\/\/www.portaltvcariri.com.br\/prefeitura-de-camalau-promove-festa-com-sorteio-de-moto-para-os-pais-neste-sabado-10\/8a0f434e-2336-4884-9b5f-98c8430e4715\/\"><img decoding=\"async\" data-src=\"https:\/\/www.portaltvcariri.com.br\/wp-content\/uploads\/2019\/08\/8a0f434e-2336-4884-9b5f-98c8430e4715.jpg\" alt=\"8a0f434e-2336-4884-9b5f-98c8430e4715\" class=\"wp-image-93629 lazyload\" src=\"data:image\/svg+xml;base64,PHN2ZyB3aWR0aD0iMSIgaGVpZ2h0PSIxIiB4bWxucz0iaHR0cDovL3d3dy53My5vcmcvMjAwMC9zdmciPjwvc3ZnPg==\" \/><\/a><\/figure>\n\n\n\n<p>&nbsp;\u201cConto com a presen\u00e7a de todos os pais do munic\u00edpio de Camala\u00fa para que em mais um ano possamos estar juntos para comemorar essa data t\u00e3o especial para todos n\u00f3s, aproveito a oportunidade para refor\u00e7ar o convite e desejar um feliz dia dos pais para todos os Camala\u00faenses\u201d finalizou o prefeito Sandro M\u00f4co<\/p>\n","protected":false},"excerpt":{"rendered":"<p>Ser\u00e1 realizada neste s\u00e1bado, dia 10, uma grande festa para comemorar o dia dos pais, na cidade de Camala\u00fa.&nbsp;O evento \u00e9 promovido pela Prefeitura de&hellip; <\/p>\n","protected":false},"author":1,"featured_media":109689,"comment_status":"closed","ping_status":"closed","sticky":false,"template":"","format":"standard","meta":{"sfsi_plus_gutenberg_text_before_share":"","sfsi_plus_gutenberg_show_text_before_share":"","sfsi_plus_gutenberg_icon_type":"","sfsi_plus_gutenberg_icon_alignemt":"","sfsi_plus_gutenburg_max_per_row":"","footnotes":""},"categories":[6],"tags":[],"class_list":["post-109688","post","type-post","status-publish","format-standard","has-post-thumbnail","hentry","category-cidades"],"_links":{"self":[{"href":"https:\/\/www.caririemacao.com\/1\/wp-json\/wp\/v2\/posts\/109688","targetHints":{"allow":["GET"]}}],"collection":[{"href":"https:\/\/www.caririemacao.com\/1\/wp-json\/wp\/v2\/posts"}],"about":[{"href":"https:\/\/www.caririemacao.com\/1\/wp-json\/wp\/v2\/types\/post"}],"author":[{"embeddable":true,"href":"https:\/\/www.caririemacao.com\/1\/wp-json\/wp\/v2\/users\/1"}],"replies":[{"embeddable":true,"href":"https:\/\/www.caririemacao.com\/1\/wp-json\/wp\/v2\/comments?post=109688"}],"version-history":[{"count":2,"href":"https:\/\/www.caririemacao.com\/1\/wp-json\/wp\/v2\/posts\/109688\/revisions"}],"predecessor-version":[{"id":109691,"href":"https:\/\/www.caririemacao.com\/1\/wp-json\/wp\/v2\/posts\/109688\/revisions\/109691"}],"wp:featuredmedia":[{"embeddable":true,"href":"https:\/\/www.caririemacao.com\/1\/wp-json\/wp\/v2\/media\/109689"}],"wp:attachment":[{"href":"https:\/\/www.caririemacao.com\/1\/wp-json\/wp\/v2\/media?parent=109688"}],"wp:term":[{"taxonomy":"category","embeddable":true,"href":"https:\/\/www.caririemacao.com\/1\/wp-json\/wp\/v2\/categories?post=109688"},{"taxonomy":"post_tag","embeddable":true,"href":"https:\/\/www.caririemacao.com\/1\/wp-json\/wp\/v2\/tags?post=109688"}],"curies":[{"name":"wp","href":"https:\/\/api.w.org\/{rel}","templated":true}]}}