{"id":109695,"date":"2019-08-10T15:17:46","date_gmt":"2019-08-10T18:17:46","guid":{"rendered":"http:\/\/www.caririemacao.com\/1\/?p=109695"},"modified":"2019-08-10T15:17:46","modified_gmt":"2019-08-10T18:17:46","slug":"ministerio-da-saude-autoriza-recursos-para-05-municipios-do-cariri-saiba-quais-estao-na-lista","status":"publish","type":"post","link":"https:\/\/www.caririemacao.com\/1\/2019\/08\/10\/ministerio-da-saude-autoriza-recursos-para-05-municipios-do-cariri-saiba-quais-estao-na-lista\/","title":{"rendered":"Minist\u00e9rio da Sa\u00fade autoriza recursos para 05 munic\u00edpios do Cariri; Saiba quais est\u00e3o na lista"},"content":{"rendered":"\n<p>Vinte e nove munic\u00edpios da Para\u00edba foram habilitados pelo Minist\u00e9rio da Sa\u00fade para receberem recursos referentes ao incremento tempor\u00e1rio do Limite Financeiro da Assist\u00eancia de M\u00e9dia e Alta Complexidade (MAC). A Portaria assinada pelo ministro Luiz Henrique Mandetta foi publicada nesta sexta-feira (9), no Di\u00e1rio Oficial da Uni\u00e3o (DOU).<\/p>\n\n\n\n<p>De acordo com a Portaria, os recursos ser\u00e3o transferidos para os Fundos Municipais de Sa\u00fade em at\u00e9 seis meses, conforme os processos de pagamento instru\u00eddos e ap\u00f3s atendidas as condi\u00e7\u00f5es previstas para a modalidade de transfer\u00eancia. Para Jo\u00e3o Pessoa os recursos ser\u00e3o atrav\u00e9s do Fundo Estadual da Para\u00edba (FESEP).<\/p>\n\n\n\n<p>Os recursos da Portaria s\u00e3o de natureza de despesa de custeio e onerar\u00e3o o Bloco de Custeio das A\u00e7\u00f5es e Servi\u00e7os P\u00fablicos de Sa\u00fade.<\/p>\n\n\n\n<p>As cidades habilitadas s\u00e3o:<\/p>\n\n\n\n<p>\u2013 Bel\u00e9m do Brejo do Cruz;<\/p>\n\n\n\n<p>\u2013 Brejo do Cruz;<\/p>\n\n\n\n<p>\u2013 Campina Grande;<\/p>\n\n\n\n<p>\u2013 Condado;<\/p>\n\n\n\n<p>\u2013 Desterro;<\/p>\n\n\n\n<p>-Ibiara;<\/p>\n\n\n\n<p>-Igaracy;<\/p>\n\n\n\n<p>-Ing\u00e1<\/p>\n\n\n\n<p>\u2013 Jo\u00e3o Pessoa;<\/p>\n\n\n\n<p>\u2013 Juru;<\/p>\n\n\n\n<p>\u2013 Lagoa;<\/p>\n\n\n\n<p>\u2013 Livramento;<\/p>\n\n\n\n<p>\u2013 Malta;<\/p>\n\n\n\n<p>-Mari;<\/p>\n\n\n\n<p>\u2013 Mogeiro;<\/p>\n\n\n\n<p>\u2013 Monteiro;<\/p>\n\n\n\n<p>\u2013 Parari;<\/p>\n\n\n\n<p>-Paulista;<\/p>\n\n\n\n<p>-Pedra Branca;<\/p>\n\n\n\n<p>-Queimadas;<\/p>\n\n\n\n<p>-Santa Cruz;<\/p>\n\n\n\n<p>-Santa Luzia;<\/p>\n\n\n\n<p>-Santa Terezinha;<\/p>\n\n\n\n<p>-S\u00e3o Domingos;<\/p>\n\n\n\n<p>-S\u00e3o Jos\u00e9 de Caiana;<\/p>\n\n\n\n<p>\u2013S\u00e3o Jos\u00e9 dos Cordeiros;<\/p>\n\n\n\n<p>-Serra Grande;<\/p>\n\n\n\n<p>\u2013 Sum\u00e9;<\/p>\n\n\n\n<p>\u2013 Vista Serrana;<\/p>\n","protected":false},"excerpt":{"rendered":"<p>Vinte e nove munic\u00edpios da Para\u00edba foram habilitados pelo Minist\u00e9rio da Sa\u00fade para receberem recursos referentes ao incremento tempor\u00e1rio do Limite Financeiro da Assist\u00eancia de&hellip; <\/p>\n","protected":false},"author":1,"featured_media":109696,"comment_status":"closed","ping_status":"closed","sticky":false,"template":"","format":"standard","meta":{"sfsi_plus_gutenberg_text_before_share":"","sfsi_plus_gutenberg_show_text_before_share":"","sfsi_plus_gutenberg_icon_type":"","sfsi_plus_gutenberg_icon_alignemt":"","sfsi_plus_gutenburg_max_per_row":"","footnotes":""},"categories":[16],"tags":[],"class_list":["post-109695","post","type-post","status-publish","format-standard","has-post-thumbnail","hentry","category-saude"],"_links":{"self":[{"href":"https:\/\/www.caririemacao.com\/1\/wp-json\/wp\/v2\/posts\/109695","targetHints":{"allow":["GET"]}}],"collection":[{"href":"https:\/\/www.caririemacao.com\/1\/wp-json\/wp\/v2\/posts"}],"about":[{"href":"https:\/\/www.caririemacao.com\/1\/wp-json\/wp\/v2\/types\/post"}],"author":[{"embeddable":true,"href":"https:\/\/www.caririemacao.com\/1\/wp-json\/wp\/v2\/users\/1"}],"replies":[{"embeddable":true,"href":"https:\/\/www.caririemacao.com\/1\/wp-json\/wp\/v2\/comments?post=109695"}],"version-history":[{"count":1,"href":"https:\/\/www.caririemacao.com\/1\/wp-json\/wp\/v2\/posts\/109695\/revisions"}],"predecessor-version":[{"id":109697,"href":"https:\/\/www.caririemacao.com\/1\/wp-json\/wp\/v2\/posts\/109695\/revisions\/109697"}],"wp:featuredmedia":[{"embeddable":true,"href":"https:\/\/www.caririemacao.com\/1\/wp-json\/wp\/v2\/media\/109696"}],"wp:attachment":[{"href":"https:\/\/www.caririemacao.com\/1\/wp-json\/wp\/v2\/media?parent=109695"}],"wp:term":[{"taxonomy":"category","embeddable":true,"href":"https:\/\/www.caririemacao.com\/1\/wp-json\/wp\/v2\/categories?post=109695"},{"taxonomy":"post_tag","embeddable":true,"href":"https:\/\/www.caririemacao.com\/1\/wp-json\/wp\/v2\/tags?post=109695"}],"curies":[{"name":"wp","href":"https:\/\/api.w.org\/{rel}","templated":true}]}}