{"id":109717,"date":"2019-08-10T15:31:45","date_gmt":"2019-08-10T18:31:45","guid":{"rendered":"http:\/\/www.caririemacao.com\/1\/?p=109717"},"modified":"2019-08-10T15:31:45","modified_gmt":"2019-08-10T18:31:45","slug":"jair-bolsonaro-participa-da-marcha-para-jesus-em-brasilia","status":"publish","type":"post","link":"https:\/\/www.caririemacao.com\/1\/2019\/08\/10\/jair-bolsonaro-participa-da-marcha-para-jesus-em-brasilia\/","title":{"rendered":"Jair Bolsonaro participa da Marcha para Jesus em Bras\u00edlia"},"content":{"rendered":"\n<p>Assim como fez em junho em S\u00e3o Paulo, o presidente da Rep\u00fablica Jair Bolsonaro participou na manh\u00e3 deste&nbsp;s\u00e1bado&nbsp;da Marcha para Jesus em Bras\u00edlia, na Esplanada dos Minist\u00e9rios, organizada por grupos evang\u00e9licos da capital federal.<\/p>\n\n\n\n<p>Em discurso, o presidente tratou de temas como a fam\u00edlia e valores crist\u00e3os. \u201cTemos um presidente que, al\u00e9m da fam\u00edlia e da quest\u00e3o da educa\u00e7\u00e3o, tem amor ao pr\u00f3ximo. N\u00e3o discriminamos ningu\u00e9m, n\u00e3o temos preconceito. E deixo bem claro: as leis existem para proteger as maiorias. \u00c9 \u00fanica maneira para vivermos em harmonia\u201d, avaliou.<\/p>\n\n\n\n<figure class=\"wp-block-image\"><img decoding=\"async\" data-src=\"http:\/\/imagens.ebc.com.br\/q3Pz873BKeRLFmdCa6xcieZfasM=\/754x0\/smart\/http:\/\/agenciabrasil.ebc.com.br\/sites\/default\/files\/thumbnails\/image\/mca_abr_10081920374.jpg?itok=nnSyCuVq\" alt=\"O presidente Jair Bolsonaro, participa da Marcha para Jesus e pela Fam\u00edlia em Bras\u00edlia. \" src=\"data:image\/svg+xml;base64,PHN2ZyB3aWR0aD0iMSIgaGVpZ2h0PSIxIiB4bWxucz0iaHR0cDovL3d3dy53My5vcmcvMjAwMC9zdmciPjwvc3ZnPg==\" class=\"lazyload\" \/><\/figure>\n\n\n\n<p>O presidente Jair Bolsonaro&nbsp;participa da Marcha para Jesus e pela Fam\u00edlia em Bras\u00edlia. &#8211;&nbsp;<strong>Marcello Casal JrAg\u00eancia Brasil<\/strong><\/p>\n\n\n\n<p>Bolsonaro ressaltou a liberdade de credo, mas disse que a f\u00e9 crist\u00e3 prevalece no Brasil. \u201cRespeitamos todas as religi\u00f5es e at\u00e9 quem n\u00e3o tem religi\u00e3o, mas a grande maioria do povo brasileiro \u00e9 crist\u00e3o\u201d, descreveu.<\/p>\n\n\n\n<p>O presidente tamb\u00e9m ressaltou que o governo est\u00e1 cumprindo promessas de campanha. E criando um ambiente de maior liberdade econ\u00f4mica que vai reduzir custos para os consumidores. \u201cEstamos facilitando a vida de todos\u201d.<\/p>\n\n\n\n<p>Segundo ele, esse seria o caso da Medida Provis\u00f3ria n\u00ba 892, assinada h\u00e1 cinco dias, que desobriga a publica\u00e7\u00e3o de balan\u00e7os das empresas com capital aberto em jornais impressos de grande circula\u00e7\u00e3o. Conforme o presidente, a iniciativa vai \u201c&nbsp;facilitar a vida de todo mundo. Ningu\u00e9m l\u00ea aquele neg\u00f3cio. O mundo progrediu, se aperfei\u00e7oa, se moderniza\u201d.<\/p>\n\n\n\n<p>De acordo com o ato que tem for\u00e7a de lei, as publica\u00e7\u00f5es dos balan\u00e7os \u201cser\u00e3o feitas nos s\u00edtios eletr\u00f4nicos da Comiss\u00e3o de Valores Mobili\u00e1rios e da entidade administradora do mercado em que os valores mobili\u00e1rios da companhia estiverem admitidas \u00e0 negocia\u00e7\u00e3o\u201d. Os balan\u00e7os tamb\u00e9m dever\u00e3o ser divulgados no site das pr\u00f3prias empresas.<\/p>\n","protected":false},"excerpt":{"rendered":"<p>Assim como fez em junho em S\u00e3o Paulo, o presidente da Rep\u00fablica Jair Bolsonaro participou na manh\u00e3 deste&nbsp;s\u00e1bado&nbsp;da Marcha para Jesus em Bras\u00edlia, na Esplanada&hellip; <\/p>\n","protected":false},"author":1,"featured_media":109718,"comment_status":"closed","ping_status":"closed","sticky":false,"template":"","format":"standard","meta":{"sfsi_plus_gutenberg_text_before_share":"","sfsi_plus_gutenberg_show_text_before_share":"","sfsi_plus_gutenberg_icon_type":"","sfsi_plus_gutenberg_icon_alignemt":"","sfsi_plus_gutenburg_max_per_row":"","footnotes":""},"categories":[11],"tags":[],"class_list":["post-109717","post","type-post","status-publish","format-standard","has-post-thumbnail","hentry","category-politica"],"_links":{"self":[{"href":"https:\/\/www.caririemacao.com\/1\/wp-json\/wp\/v2\/posts\/109717","targetHints":{"allow":["GET"]}}],"collection":[{"href":"https:\/\/www.caririemacao.com\/1\/wp-json\/wp\/v2\/posts"}],"about":[{"href":"https:\/\/www.caririemacao.com\/1\/wp-json\/wp\/v2\/types\/post"}],"author":[{"embeddable":true,"href":"https:\/\/www.caririemacao.com\/1\/wp-json\/wp\/v2\/users\/1"}],"replies":[{"embeddable":true,"href":"https:\/\/www.caririemacao.com\/1\/wp-json\/wp\/v2\/comments?post=109717"}],"version-history":[{"count":1,"href":"https:\/\/www.caririemacao.com\/1\/wp-json\/wp\/v2\/posts\/109717\/revisions"}],"predecessor-version":[{"id":109719,"href":"https:\/\/www.caririemacao.com\/1\/wp-json\/wp\/v2\/posts\/109717\/revisions\/109719"}],"wp:featuredmedia":[{"embeddable":true,"href":"https:\/\/www.caririemacao.com\/1\/wp-json\/wp\/v2\/media\/109718"}],"wp:attachment":[{"href":"https:\/\/www.caririemacao.com\/1\/wp-json\/wp\/v2\/media?parent=109717"}],"wp:term":[{"taxonomy":"category","embeddable":true,"href":"https:\/\/www.caririemacao.com\/1\/wp-json\/wp\/v2\/categories?post=109717"},{"taxonomy":"post_tag","embeddable":true,"href":"https:\/\/www.caririemacao.com\/1\/wp-json\/wp\/v2\/tags?post=109717"}],"curies":[{"name":"wp","href":"https:\/\/api.w.org\/{rel}","templated":true}]}}