{"id":109725,"date":"2019-08-10T17:25:57","date_gmt":"2019-08-10T20:25:57","guid":{"rendered":"http:\/\/www.caririemacao.com\/1\/?p=109725"},"modified":"2019-08-10T17:25:57","modified_gmt":"2019-08-10T20:25:57","slug":"ricardo-anuncia-data-para-manifestacao-sos-transposicao-grito-do-nordeste","status":"publish","type":"post","link":"https:\/\/www.caririemacao.com\/1\/2019\/08\/10\/ricardo-anuncia-data-para-manifestacao-sos-transposicao-grito-do-nordeste\/","title":{"rendered":"Ricardo anuncia data para manifesta\u00e7\u00e3o \u2018SOS Transposi\u00e7\u00e3o \u2013 Grito do Nordeste\u2019"},"content":{"rendered":"\n<p>O ex-governador da Para\u00edba e atual presidente da Funda\u00e7\u00e3o Jo\u00e3o Mangabeira Ricardo Coutinho (PSB) divulgou, na tarde deste s\u00e1bado (10), chamada para a manifesta\u00e7\u00e3o \u201cSOS Transposi\u00e7\u00e3o \u2013 Grito do Nordeste\u201d, marcada para 1 de setembro, \u00e0s, 10h, em Monteiro.<\/p>\n\n\n\n<figure class=\"wp-block-image\"><a href=\"https:\/\/twitter.com\/realrcoutinho\"><img decoding=\"async\" data-src=\"https:\/\/pbs.twimg.com\/profile_images\/497448260206747649\/rKwo3RYr_bigger.jpeg\" alt=\"\" src=\"data:image\/svg+xml;base64,PHN2ZyB3aWR0aD0iMSIgaGVpZ2h0PSIxIiB4bWxucz0iaHR0cDovL3d3dy53My5vcmcvMjAwMC9zdmciPjwvc3ZnPg==\" class=\"lazyload\" \/><\/a><\/figure>\n\n\n\n<p><a href=\"https:\/\/twitter.com\/realrcoutinho\"><strong>Ricardo Coutinho<\/strong><strong>&#x2714;<\/strong>@realrcoutinho<\/a><a href=\"https:\/\/twitter.com\/realrcoutinho\/status\/1160280169455726592\"><\/a><\/p>\n\n\n\n<p>O Nordeste vai se encontrar em Monteiro, na Parahyba. O Brasil est\u00e1 convidado. N\u00e3o aceitaremos que destruam a Transposi\u00e7\u00e3o do S\u00e3o Francisco. Dia 1\u00b0 de setembro, \u00e0s 10 horas. Novamente, Monteiro ser\u00e1 a Capital da Luta do povo brasileiro<\/p>\n\n\n\n<figure class=\"wp-block-image\"><a href=\"https:\/\/twitter.com\/realrcoutinho\/status\/1160280169455726592\/photo\/1\"><img decoding=\"async\" src=\"https:\/\/pbs.twimg.com\/media\/EBokp9EWwAApv2A?format=jpg&amp;name=small\" alt=\"Ver imagem no Twitter\"\/><\/a><\/figure>\n\n\n\n<p>A manifesta\u00e7\u00e3o acontece ap\u00f3s o Governo Federal suspender o abastecimento d\u00b4\u00e1gua para a cidade, vindo da Transposi\u00e7\u00e3o do Rio S\u00e3o Francisco. Monteiro foi a primeira cidade paraibana a receber as \u00e1guas da transposi\u00e7\u00e3o em mar\u00e7o de 2017. Atualmente, o canal da transposi\u00e7\u00e3o em Monteiro acumula apenas \u00e1gua das chuvas e apresenta rachaduras em v\u00e1rios pontos, al\u00e9m de lodo e blocos de areia.<\/p>\n\n\n\n<p>No total, 35 cidades paraibanas dependem da \u00e1gua do S\u00e3o Francisco. Entre elas est\u00e1 Campina Grande, a segunda maior do estado.<\/p>\n\n\n\n<p>A obra deste eixo teve a inaugura\u00e7\u00e3o oficial realizada pelo presidente Michel Temer em 10 de mar\u00e7o de 2017. Dias depois, foi realizada a inaugura\u00e7\u00e3o popular com a participa\u00e7\u00e3o de v\u00e1rias lideran\u00e7as pol\u00edticas estaduais e nacionais, como os petistas Lula e Dilma Rousseff.<\/p>\n","protected":false},"excerpt":{"rendered":"<p>O ex-governador da Para\u00edba e atual presidente da Funda\u00e7\u00e3o Jo\u00e3o Mangabeira Ricardo Coutinho (PSB) divulgou, na tarde deste s\u00e1bado (10), chamada para a manifesta\u00e7\u00e3o \u201cSOS&hellip; <\/p>\n","protected":false},"author":1,"featured_media":109726,"comment_status":"closed","ping_status":"closed","sticky":false,"template":"","format":"standard","meta":{"sfsi_plus_gutenberg_text_before_share":"","sfsi_plus_gutenberg_show_text_before_share":"","sfsi_plus_gutenberg_icon_type":"","sfsi_plus_gutenberg_icon_alignemt":"","sfsi_plus_gutenburg_max_per_row":"","footnotes":""},"categories":[50,2],"tags":[],"class_list":["post-109725","post","type-post","status-publish","format-standard","has-post-thumbnail","hentry","category-destaque","category-geral"],"_links":{"self":[{"href":"https:\/\/www.caririemacao.com\/1\/wp-json\/wp\/v2\/posts\/109725","targetHints":{"allow":["GET"]}}],"collection":[{"href":"https:\/\/www.caririemacao.com\/1\/wp-json\/wp\/v2\/posts"}],"about":[{"href":"https:\/\/www.caririemacao.com\/1\/wp-json\/wp\/v2\/types\/post"}],"author":[{"embeddable":true,"href":"https:\/\/www.caririemacao.com\/1\/wp-json\/wp\/v2\/users\/1"}],"replies":[{"embeddable":true,"href":"https:\/\/www.caririemacao.com\/1\/wp-json\/wp\/v2\/comments?post=109725"}],"version-history":[{"count":1,"href":"https:\/\/www.caririemacao.com\/1\/wp-json\/wp\/v2\/posts\/109725\/revisions"}],"predecessor-version":[{"id":109727,"href":"https:\/\/www.caririemacao.com\/1\/wp-json\/wp\/v2\/posts\/109725\/revisions\/109727"}],"wp:featuredmedia":[{"embeddable":true,"href":"https:\/\/www.caririemacao.com\/1\/wp-json\/wp\/v2\/media\/109726"}],"wp:attachment":[{"href":"https:\/\/www.caririemacao.com\/1\/wp-json\/wp\/v2\/media?parent=109725"}],"wp:term":[{"taxonomy":"category","embeddable":true,"href":"https:\/\/www.caririemacao.com\/1\/wp-json\/wp\/v2\/categories?post=109725"},{"taxonomy":"post_tag","embeddable":true,"href":"https:\/\/www.caririemacao.com\/1\/wp-json\/wp\/v2\/tags?post=109725"}],"curies":[{"name":"wp","href":"https:\/\/api.w.org\/{rel}","templated":true}]}}