{"id":109731,"date":"2019-08-10T20:09:19","date_gmt":"2019-08-10T23:09:19","guid":{"rendered":"http:\/\/www.caririemacao.com\/1\/?p=109731"},"modified":"2019-08-10T20:09:19","modified_gmt":"2019-08-10T23:09:19","slug":"o-nepotismo-sobrevive-a-grande-familia-no-congo","status":"publish","type":"post","link":"https:\/\/www.caririemacao.com\/1\/2019\/08\/10\/o-nepotismo-sobrevive-a-grande-familia-no-congo\/","title":{"rendered":"O NEPOTISMO SOBREVIVE: A grande fam\u00edlia no Congo"},"content":{"rendered":"\n<p>O prefeito da cidade, J\u00fanior Quirino, desde que assumiu o mandato, no dia 1\u00ba de janeiro de 2017, vem fazendo de sua gest\u00e3o um verdadeiro cabide de empregos para sua fam\u00edlia.<\/p>\n\n\n\n<p>Basta observar no site do Tribunal de Contas do Estado da\nPara\u00edba que facilmente percebe-se que o atual prefeito tem v\u00e1rios familiares em\nsua gest\u00e3o. S\u00f3 no primeiro escal\u00e3o, o prefeito J\u00fanior tem 02 irm\u00e3os secret\u00e1rios,\nal\u00e9m de sua esposa, nomeada como Chefe de Gabinete.<\/p>\n\n\n\n<p>De acordo com o sagres, o prefeito J\u00fanior nomeou seu irm\u00e3o Jeffeshon\nMunhoz de Queiroz Quirino como secret\u00e1rio de educa\u00e7\u00e3o e o outro irm\u00e3o Jo\u00e3o\nMarcos de Queiroz Quirino como secret\u00e1rio de infraestrutura. J\u00e1 no Gabinete do\nprefeito J\u00fanior, est\u00e1 a sua esposa a dona Izaneide Clemente da Costa Quirino.<\/p>\n\n\n\n<p>Se fizer uma conta r\u00e1pida com os sal\u00e1rios dos tr\u00eas familiares, ao t\u00e9rmino do mandato do prefeito J\u00fanior, a Prefeitura do Congo ter\u00e1 pago mais de um milh\u00e3o de reais a Jeffeshon, Jo\u00e3o Marcos e Izaneide, al\u00e9m do sal\u00e1rio do pr\u00f3prio prefeito. <\/p>\n\n\n\n<p>O que se ver no Congo \u00e9 a pr\u00e1tica de fazer pol\u00edtica pensando\nsempre no bem comum, ou melhor, o bem comum para os familiares do prefeito J\u00fanior,\nferindo os\nprinc\u00edpios da moralidade, impessoalidade e efici\u00eancia. <\/p>\n\n\n\n<p>No\ncaso do Congo, pode at\u00e9 ser legal, mas \u00e9 imoral. <\/p>\n","protected":false},"excerpt":{"rendered":"<p>O prefeito da cidade, J\u00fanior Quirino, desde que assumiu o mandato, no dia 1\u00ba de janeiro de 2017, vem fazendo de sua gest\u00e3o um verdadeiro&hellip; <\/p>\n","protected":false},"author":2,"featured_media":109732,"comment_status":"closed","ping_status":"closed","sticky":false,"template":"","format":"standard","meta":{"sfsi_plus_gutenberg_text_before_share":"","sfsi_plus_gutenberg_show_text_before_share":"","sfsi_plus_gutenberg_icon_type":"","sfsi_plus_gutenberg_icon_alignemt":"","sfsi_plus_gutenburg_max_per_row":"","footnotes":""},"categories":[50,11],"tags":[],"class_list":["post-109731","post","type-post","status-publish","format-standard","has-post-thumbnail","hentry","category-destaque","category-politica"],"_links":{"self":[{"href":"https:\/\/www.caririemacao.com\/1\/wp-json\/wp\/v2\/posts\/109731","targetHints":{"allow":["GET"]}}],"collection":[{"href":"https:\/\/www.caririemacao.com\/1\/wp-json\/wp\/v2\/posts"}],"about":[{"href":"https:\/\/www.caririemacao.com\/1\/wp-json\/wp\/v2\/types\/post"}],"author":[{"embeddable":true,"href":"https:\/\/www.caririemacao.com\/1\/wp-json\/wp\/v2\/users\/2"}],"replies":[{"embeddable":true,"href":"https:\/\/www.caririemacao.com\/1\/wp-json\/wp\/v2\/comments?post=109731"}],"version-history":[{"count":1,"href":"https:\/\/www.caririemacao.com\/1\/wp-json\/wp\/v2\/posts\/109731\/revisions"}],"predecessor-version":[{"id":109733,"href":"https:\/\/www.caririemacao.com\/1\/wp-json\/wp\/v2\/posts\/109731\/revisions\/109733"}],"wp:featuredmedia":[{"embeddable":true,"href":"https:\/\/www.caririemacao.com\/1\/wp-json\/wp\/v2\/media\/109732"}],"wp:attachment":[{"href":"https:\/\/www.caririemacao.com\/1\/wp-json\/wp\/v2\/media?parent=109731"}],"wp:term":[{"taxonomy":"category","embeddable":true,"href":"https:\/\/www.caririemacao.com\/1\/wp-json\/wp\/v2\/categories?post=109731"},{"taxonomy":"post_tag","embeddable":true,"href":"https:\/\/www.caririemacao.com\/1\/wp-json\/wp\/v2\/tags?post=109731"}],"curies":[{"name":"wp","href":"https:\/\/api.w.org\/{rel}","templated":true}]}}