{"id":109734,"date":"2019-08-10T20:30:37","date_gmt":"2019-08-10T23:30:37","guid":{"rendered":"http:\/\/www.caririemacao.com\/1\/?p=109734"},"modified":"2019-08-10T20:30:46","modified_gmt":"2019-08-10T23:30:46","slug":"109734","status":"publish","type":"post","link":"https:\/\/www.caririemacao.com\/1\/2019\/08\/10\/109734\/","title":{"rendered":"SUM\u00c9: Plen\u00e1ria do ODM no Assentamento Mandacaru elege demandas e conselheiros"},"content":{"rendered":"\n<p>A Prefeitura de Sum\u00e9, vem realizando uma s\u00e9rie de plen\u00e1rias\ndo Or\u00e7amento Democr\u00e1tico Municipal, no total de 13 plen\u00e1rias, objetivando a\nparticipa\u00e7\u00e3o direta da popula\u00e7\u00e3o na defini\u00e7\u00e3o de prioridades para as despesas\nem investimentos e servi\u00e7os p\u00fablicos executados pelo Governo do Munic\u00edpio.<\/p>\n\n\n\n<p>Depois de v\u00e1rios finais de semana, a Gest\u00e3o Municipal foi\nat\u00e9 o Assentamento Mandacaru par ouvir as pessoas com suas demandas e realizar\no processo de elei\u00e7\u00e3o dos conselheiros que ir\u00e3o representar a regi\u00e3o.<\/p>\n\n\n\n<p>De acordo com a plen\u00e1ria, se candidataram 04 pessoas da comunidade,\nse elegendo 02 pessoas como titulares e 02 pessoas suplentes:<\/p>\n\n\n\n<p>1\u00ba Lugar: Josineide Oliveira (Neide) \u2013 66 votos (Titular)<\/p>\n\n\n\n<p>2\u00ba Lugar: Arnaldo F\u00e9lix (Maraca) \u2013 55 votos (Titular)<\/p>\n\n\n\n<p>3\u00ba Lugar: Maria Nazar\u00e9 \u2013 51 votos (Suplente)<\/p>\n\n\n\n<p>2\u00ba Lugar: Joel Viana \u2013 44 votos (Suplente)<\/p>\n\n\n\n<p>J\u00e1 em rela\u00e7\u00e3o as demandas, os 03 eixos tem\u00e1ticos ficaram\nassim:<\/p>\n\n\n\n<p>1\u00ba Lugar: Sa\u00fade (Amplia\u00e7\u00e3o dos atendimentos m\u00e9dico e odontol\u00f3gico)\n<\/p>\n\n\n\n<p>2\u00ba Lugar: Educa\u00e7\u00e3o (reabertura da Escola do Assentamento)<\/p>\n\n\n\n<p>3\u00ba Lugar: Infraestrutura (Recupera\u00e7\u00e3o de uma adutora na comunidade)<\/p>\n\n\n\n<figure class=\"wp-block-image\"><img fetchpriority=\"high\" decoding=\"async\" width=\"1024\" height=\"678\" src=\"http:\/\/www.caririemacao.com\/1\/wp-content\/uploads\/2019\/08\/DSC_0241-1024x678.jpg\" alt=\"\" class=\"wp-image-109736\" srcset=\"https:\/\/www.caririemacao.com\/1\/wp-content\/uploads\/2019\/08\/DSC_0241-1024x678.jpg 1024w, https:\/\/www.caririemacao.com\/1\/wp-content\/uploads\/2019\/08\/DSC_0241-300x199.jpg 300w, https:\/\/www.caririemacao.com\/1\/wp-content\/uploads\/2019\/08\/DSC_0241-768x509.jpg 768w, https:\/\/www.caririemacao.com\/1\/wp-content\/uploads\/2019\/08\/DSC_0241.jpg 1280w\" sizes=\"(max-width: 1024px) 100vw, 1024px\" \/><\/figure>\n\n\n\n<p>Para o presidente da Associa\u00e7\u00e3o do Assentamento Mandacaru e conselheiro eleito do ODM, Arnaldo F\u00e9lix, as pessoas tiveram uma grande oportunidade de dizer ao prefeito \u00c9den quais as demandas priorit\u00e1rias para as comunidades, sendo importante para o processo democr\u00e1tico e para as discuss\u00f5es das pol\u00edticas p\u00fablicas, porque o prefeito ouve as pessoas diretamente nas comunidades. <\/p>\n","protected":false},"excerpt":{"rendered":"<p>A Prefeitura de Sum\u00e9, vem realizando uma s\u00e9rie de plen\u00e1rias do Or\u00e7amento Democr\u00e1tico Municipal, no total de 13 plen\u00e1rias, objetivando a participa\u00e7\u00e3o direta da popula\u00e7\u00e3o&hellip; <\/p>\n","protected":false},"author":2,"featured_media":109735,"comment_status":"closed","ping_status":"closed","sticky":false,"template":"","format":"standard","meta":{"sfsi_plus_gutenberg_text_before_share":"","sfsi_plus_gutenberg_show_text_before_share":"","sfsi_plus_gutenberg_icon_type":"","sfsi_plus_gutenberg_icon_alignemt":"","sfsi_plus_gutenburg_max_per_row":"","footnotes":""},"categories":[6,50],"tags":[],"class_list":["post-109734","post","type-post","status-publish","format-standard","has-post-thumbnail","hentry","category-cidades","category-destaque"],"_links":{"self":[{"href":"https:\/\/www.caririemacao.com\/1\/wp-json\/wp\/v2\/posts\/109734","targetHints":{"allow":["GET"]}}],"collection":[{"href":"https:\/\/www.caririemacao.com\/1\/wp-json\/wp\/v2\/posts"}],"about":[{"href":"https:\/\/www.caririemacao.com\/1\/wp-json\/wp\/v2\/types\/post"}],"author":[{"embeddable":true,"href":"https:\/\/www.caririemacao.com\/1\/wp-json\/wp\/v2\/users\/2"}],"replies":[{"embeddable":true,"href":"https:\/\/www.caririemacao.com\/1\/wp-json\/wp\/v2\/comments?post=109734"}],"version-history":[{"count":2,"href":"https:\/\/www.caririemacao.com\/1\/wp-json\/wp\/v2\/posts\/109734\/revisions"}],"predecessor-version":[{"id":109738,"href":"https:\/\/www.caririemacao.com\/1\/wp-json\/wp\/v2\/posts\/109734\/revisions\/109738"}],"wp:featuredmedia":[{"embeddable":true,"href":"https:\/\/www.caririemacao.com\/1\/wp-json\/wp\/v2\/media\/109735"}],"wp:attachment":[{"href":"https:\/\/www.caririemacao.com\/1\/wp-json\/wp\/v2\/media?parent=109734"}],"wp:term":[{"taxonomy":"category","embeddable":true,"href":"https:\/\/www.caririemacao.com\/1\/wp-json\/wp\/v2\/categories?post=109734"},{"taxonomy":"post_tag","embeddable":true,"href":"https:\/\/www.caririemacao.com\/1\/wp-json\/wp\/v2\/tags?post=109734"}],"curies":[{"name":"wp","href":"https:\/\/api.w.org\/{rel}","templated":true}]}}