{"id":109739,"date":"2019-08-10T20:47:54","date_gmt":"2019-08-10T23:47:54","guid":{"rendered":"http:\/\/www.caririemacao.com\/1\/?p=109739"},"modified":"2019-08-11T07:57:42","modified_gmt":"2019-08-11T10:57:42","slug":"vereador-bomba-participa-de-plenaria-do-odm-no-assentamento-mandacaru-em-sume","status":"publish","type":"post","link":"https:\/\/www.caririemacao.com\/1\/2019\/08\/10\/vereador-bomba-participa-de-plenaria-do-odm-no-assentamento-mandacaru-em-sume\/","title":{"rendered":"Vereador Bomba participa de plen\u00e1ria do ODM no Assentamento Mandacaru em Sum\u00e9"},"content":{"rendered":"\n<p>O presidente da C\u00e2mara Municipal de Sum\u00e9, Le\u00f4nidas Albino (Bomba), buscando aproximar o Poder Legislativo as comunidades sumeenses vem participando das plen\u00e1rias do Or\u00e7amento Democr\u00e1tico Municipal em v\u00e1rias regi\u00f5es.<\/p>\n\n\n\n<figure class=\"wp-block-image\"><img fetchpriority=\"high\" decoding=\"async\" width=\"1024\" height=\"678\" src=\"http:\/\/www.caririemacao.com\/1\/wp-content\/uploads\/2019\/08\/DSC_0265-1024x678.jpg\" alt=\"\" class=\"wp-image-109742\" srcset=\"https:\/\/www.caririemacao.com\/1\/wp-content\/uploads\/2019\/08\/DSC_0265-1024x678.jpg 1024w, https:\/\/www.caririemacao.com\/1\/wp-content\/uploads\/2019\/08\/DSC_0265-300x199.jpg 300w, https:\/\/www.caririemacao.com\/1\/wp-content\/uploads\/2019\/08\/DSC_0265-768x509.jpg 768w, https:\/\/www.caririemacao.com\/1\/wp-content\/uploads\/2019\/08\/DSC_0265.jpg 1280w\" sizes=\"(max-width: 1024px) 100vw, 1024px\" \/><\/figure>\n\n\n\n<p>Na tarde deste s\u00e1bado, dia 10, Bomba esteve participando da plen\u00e1ria realizada no Assentamento Mandacaru, onde acompanhou as sugest\u00f5es e demandas encaminhadas ao prefeito \u00c9den Duarte.<\/p>\n\n\n\n<figure class=\"wp-block-image\"><img decoding=\"async\" width=\"1024\" height=\"678\" data-src=\"http:\/\/www.caririemacao.com\/1\/wp-content\/uploads\/2019\/08\/DSC_0151-1024x678.jpg\" alt=\"\" class=\"wp-image-109745 lazyload\" data-srcset=\"https:\/\/www.caririemacao.com\/1\/wp-content\/uploads\/2019\/08\/DSC_0151-1024x678.jpg 1024w, https:\/\/www.caririemacao.com\/1\/wp-content\/uploads\/2019\/08\/DSC_0151-300x199.jpg 300w, https:\/\/www.caririemacao.com\/1\/wp-content\/uploads\/2019\/08\/DSC_0151-768x509.jpg 768w, https:\/\/www.caririemacao.com\/1\/wp-content\/uploads\/2019\/08\/DSC_0151.jpg 1280w\" data-sizes=\"(max-width: 1024px) 100vw, 1024px\" src=\"data:image\/svg+xml;base64,PHN2ZyB3aWR0aD0iMSIgaGVpZ2h0PSIxIiB4bWxucz0iaHR0cDovL3d3dy53My5vcmcvMjAwMC9zdmciPjwvc3ZnPg==\" style=\"--smush-placeholder-width: 1024px; --smush-placeholder-aspect-ratio: 1024\/678;\" \/><\/figure>\n\n\n\n<p>Bomba aproveitou para abra\u00e7ar os amigos e avaliar a plen\u00e1ria\ndo ODM na comunidade que ele mesmo mora. \u201cO prefeito \u00c9den est\u00e1 de parab\u00e9ns,\nporque tem inserido, atrav\u00e9s do Or\u00e7amento Democr\u00e1tico Municipal, uma grande discuss\u00e3o\ndo Or\u00e7amento de 2020, onde posteriormente, ao t\u00e9rmino de todas as plen\u00e1rias,\nn\u00f3s vereadores iremos analisar a LOA e estes pedidos estar\u00e3o l\u00e1 no projeto que\no prefeito \u00c9den encaminhar\u00e1 a C\u00e2mara Municipal para que votemos o or\u00e7amento. Da\nforma que o prefeito \u00c9den est\u00e1 fazendo com o ODM facilita e antecipa esta\ndiscuss\u00e3o na C\u00e2mara Municipal, porque j\u00e1 estamos ouvindo as pessoas destas\ncomunidades, conhecendo suas necessidades, e isso nos leva a votar de forma\nmais pr\u00f3xima do povo\u201d, enfatizou. <\/p>\n\n\n\n<p>Bomba tamb\u00e9m parabenizou as 04 pessoas da comunidade que se\ncandidataram para o Conselho do ODM, enfatizando a representatividade de Josineide\nOliveira (Neide) \u2013 66 votos (Titular), Arnaldo F\u00e9lix (Maraca) \u2013 55 votos (Titular),\nMaria Nazar\u00e9 \u2013 51 votos (Suplente) e de Joel Viana \u2013 44 votos (Suplente). <\/p>\n","protected":false},"excerpt":{"rendered":"<p>O presidente da C\u00e2mara Municipal de Sum\u00e9, Le\u00f4nidas Albino (Bomba), buscando aproximar o Poder Legislativo as comunidades sumeenses vem participando das plen\u00e1rias do Or\u00e7amento Democr\u00e1tico&hellip; <\/p>\n","protected":false},"author":2,"featured_media":109743,"comment_status":"closed","ping_status":"closed","sticky":false,"template":"","format":"standard","meta":{"sfsi_plus_gutenberg_text_before_share":"","sfsi_plus_gutenberg_show_text_before_share":"","sfsi_plus_gutenberg_icon_type":"","sfsi_plus_gutenberg_icon_alignemt":"","sfsi_plus_gutenburg_max_per_row":"","footnotes":""},"categories":[50,2],"tags":[],"class_list":["post-109739","post","type-post","status-publish","format-standard","has-post-thumbnail","hentry","category-destaque","category-geral"],"_links":{"self":[{"href":"https:\/\/www.caririemacao.com\/1\/wp-json\/wp\/v2\/posts\/109739","targetHints":{"allow":["GET"]}}],"collection":[{"href":"https:\/\/www.caririemacao.com\/1\/wp-json\/wp\/v2\/posts"}],"about":[{"href":"https:\/\/www.caririemacao.com\/1\/wp-json\/wp\/v2\/types\/post"}],"author":[{"embeddable":true,"href":"https:\/\/www.caririemacao.com\/1\/wp-json\/wp\/v2\/users\/2"}],"replies":[{"embeddable":true,"href":"https:\/\/www.caririemacao.com\/1\/wp-json\/wp\/v2\/comments?post=109739"}],"version-history":[{"count":2,"href":"https:\/\/www.caririemacao.com\/1\/wp-json\/wp\/v2\/posts\/109739\/revisions"}],"predecessor-version":[{"id":109746,"href":"https:\/\/www.caririemacao.com\/1\/wp-json\/wp\/v2\/posts\/109739\/revisions\/109746"}],"wp:featuredmedia":[{"embeddable":true,"href":"https:\/\/www.caririemacao.com\/1\/wp-json\/wp\/v2\/media\/109743"}],"wp:attachment":[{"href":"https:\/\/www.caririemacao.com\/1\/wp-json\/wp\/v2\/media?parent=109739"}],"wp:term":[{"taxonomy":"category","embeddable":true,"href":"https:\/\/www.caririemacao.com\/1\/wp-json\/wp\/v2\/categories?post=109739"},{"taxonomy":"post_tag","embeddable":true,"href":"https:\/\/www.caririemacao.com\/1\/wp-json\/wp\/v2\/tags?post=109739"}],"curies":[{"name":"wp","href":"https:\/\/api.w.org\/{rel}","templated":true}]}}