{"id":109747,"date":"2019-08-11T08:12:03","date_gmt":"2019-08-11T11:12:03","guid":{"rendered":"http:\/\/www.caririemacao.com\/1\/?p=109747"},"modified":"2019-08-11T08:13:21","modified_gmt":"2019-08-11T11:13:21","slug":"policia-apreende-drogas-e-outros-objetos-em-monteiro","status":"publish","type":"post","link":"https:\/\/www.caririemacao.com\/1\/2019\/08\/11\/policia-apreende-drogas-e-outros-objetos-em-monteiro\/","title":{"rendered":"Policia apreende drogas e outros objetos em Monteiro"},"content":{"rendered":"\n<figure class=\"wp-block-image\"><img fetchpriority=\"high\" decoding=\"async\" width=\"800\" height=\"445\" src=\"http:\/\/www.caririemacao.com\/1\/wp-content\/uploads\/2019\/08\/mm_800x500-800x445-1.jpg\" alt=\"\" class=\"wp-image-109750\" srcset=\"https:\/\/www.caririemacao.com\/1\/wp-content\/uploads\/2019\/08\/mm_800x500-800x445-1.jpg 800w, https:\/\/www.caririemacao.com\/1\/wp-content\/uploads\/2019\/08\/mm_800x500-800x445-1-300x167.jpg 300w, https:\/\/www.caririemacao.com\/1\/wp-content\/uploads\/2019\/08\/mm_800x500-800x445-1-768x427.jpg 768w\" sizes=\"(max-width: 800px) 100vw, 800px\" \/><\/figure>\n\n\n\n<p>Na madrugada deste s\u00e1bado para domingo (11), por volta da 01:00 h, a pol\u00edcia militar em ronda no alto S\u00e3o Vicente, tentou abordar um indiv\u00edduo em uma moto Honda sem placa, que deixou cair um pequeno pacote com tr\u00eas papelotes (03 inv\u00f3lucros de coca\u00edna),<\/p>\n\n\n\n<p>tendo o mesmo se evadido do local e a pol\u00edcia militar seguiu at\u00e9 onde o mesmo mora, onde a m\u00e3e do mesmo disse que ele mora em frente da casa dela que j\u00e1 estava com a porta quebrada porque outro cidad\u00e3o esteve dias atr\u00e1s o procurando para mat\u00e1-lo, o que a PM adentrou na casa e foi encontrado mais 04 inv\u00f3lucros de coca\u00edna,<\/p>\n\n\n\n<p>01 celular iPhone 5 S na caixa, cor preto com prata, 01 celular Nokia preto, logo ap\u00f3s se dirigiram a DP, apresentando todo material apreendidos a autoridade policial para as devidas provid\u00eancias.<\/p>\n\n\n\n<p><strong>HORA1PB<\/strong><\/p>\n","protected":false},"excerpt":{"rendered":"<p>Na madrugada deste s\u00e1bado para domingo (11), por volta da 01:00 h, a pol\u00edcia militar em ronda no alto S\u00e3o Vicente, tentou abordar um indiv\u00edduo&hellip; <\/p>\n","protected":false},"author":1,"featured_media":41530,"comment_status":"closed","ping_status":"closed","sticky":false,"template":"","format":"standard","meta":{"sfsi_plus_gutenberg_text_before_share":"","sfsi_plus_gutenberg_show_text_before_share":"","sfsi_plus_gutenberg_icon_type":"","sfsi_plus_gutenberg_icon_alignemt":"","sfsi_plus_gutenburg_max_per_row":"","footnotes":""},"categories":[50,12],"tags":[],"class_list":["post-109747","post","type-post","status-publish","format-standard","has-post-thumbnail","hentry","category-destaque","category-policia"],"_links":{"self":[{"href":"https:\/\/www.caririemacao.com\/1\/wp-json\/wp\/v2\/posts\/109747","targetHints":{"allow":["GET"]}}],"collection":[{"href":"https:\/\/www.caririemacao.com\/1\/wp-json\/wp\/v2\/posts"}],"about":[{"href":"https:\/\/www.caririemacao.com\/1\/wp-json\/wp\/v2\/types\/post"}],"author":[{"embeddable":true,"href":"https:\/\/www.caririemacao.com\/1\/wp-json\/wp\/v2\/users\/1"}],"replies":[{"embeddable":true,"href":"https:\/\/www.caririemacao.com\/1\/wp-json\/wp\/v2\/comments?post=109747"}],"version-history":[{"count":2,"href":"https:\/\/www.caririemacao.com\/1\/wp-json\/wp\/v2\/posts\/109747\/revisions"}],"predecessor-version":[{"id":109751,"href":"https:\/\/www.caririemacao.com\/1\/wp-json\/wp\/v2\/posts\/109747\/revisions\/109751"}],"wp:featuredmedia":[{"embeddable":true,"href":"https:\/\/www.caririemacao.com\/1\/wp-json\/wp\/v2\/media\/41530"}],"wp:attachment":[{"href":"https:\/\/www.caririemacao.com\/1\/wp-json\/wp\/v2\/media?parent=109747"}],"wp:term":[{"taxonomy":"category","embeddable":true,"href":"https:\/\/www.caririemacao.com\/1\/wp-json\/wp\/v2\/categories?post=109747"},{"taxonomy":"post_tag","embeddable":true,"href":"https:\/\/www.caririemacao.com\/1\/wp-json\/wp\/v2\/tags?post=109747"}],"curies":[{"name":"wp","href":"https:\/\/api.w.org\/{rel}","templated":true}]}}