{"id":109753,"date":"2019-08-11T08:16:13","date_gmt":"2019-08-11T11:16:13","guid":{"rendered":"http:\/\/www.caririemacao.com\/1\/?p=109753"},"modified":"2019-08-11T08:16:13","modified_gmt":"2019-08-11T11:16:13","slug":"imagens-divulgadas-mostram-suspeito-de-assaltar-caixa-aqui-em-monteiro","status":"publish","type":"post","link":"https:\/\/www.caririemacao.com\/1\/2019\/08\/11\/imagens-divulgadas-mostram-suspeito-de-assaltar-caixa-aqui-em-monteiro\/","title":{"rendered":"Imagens divulgadas mostram suspeito de assaltar Caixa Aqui em Monteiro"},"content":{"rendered":"\n<p>Imagens do sistema de monitoramento mostram indiv\u00edduo considerado suspeito de realizar assalto durante a madrugada a um correspondente banc\u00e1rio na \u00faltima sexta-feira (09), no munic\u00edpio de Monteiro.<\/p>\n\n\n\n<p>As imagens divulgadas, mostram momentos antes um indiv\u00edduo passando por frente do estabelecimento de forma suspeita.<\/p>\n\n\n\n<p>A Policia Civil que est\u00e1 investigando o caso, busca novas imagens que possam identificar tra\u00e7os do suspeito e de outros envolvido pela regi\u00e3o.<\/p>\n\n\n\n<p>Qualquer informa\u00e7\u00e3o que possa levar aos suspeitos pode ser reportada de forma an\u00f4nima pelo 190.<\/p>\n","protected":false},"excerpt":{"rendered":"<p>Imagens do sistema de monitoramento mostram indiv\u00edduo considerado suspeito de realizar assalto durante a madrugada a um correspondente banc\u00e1rio na \u00faltima sexta-feira (09), no munic\u00edpio&hellip; <\/p>\n","protected":false},"author":1,"featured_media":109754,"comment_status":"closed","ping_status":"closed","sticky":false,"template":"","format":"standard","meta":{"sfsi_plus_gutenberg_text_before_share":"","sfsi_plus_gutenberg_show_text_before_share":"","sfsi_plus_gutenberg_icon_type":"","sfsi_plus_gutenberg_icon_alignemt":"","sfsi_plus_gutenburg_max_per_row":"","footnotes":""},"categories":[12],"tags":[],"class_list":["post-109753","post","type-post","status-publish","format-standard","has-post-thumbnail","hentry","category-policia"],"_links":{"self":[{"href":"https:\/\/www.caririemacao.com\/1\/wp-json\/wp\/v2\/posts\/109753","targetHints":{"allow":["GET"]}}],"collection":[{"href":"https:\/\/www.caririemacao.com\/1\/wp-json\/wp\/v2\/posts"}],"about":[{"href":"https:\/\/www.caririemacao.com\/1\/wp-json\/wp\/v2\/types\/post"}],"author":[{"embeddable":true,"href":"https:\/\/www.caririemacao.com\/1\/wp-json\/wp\/v2\/users\/1"}],"replies":[{"embeddable":true,"href":"https:\/\/www.caririemacao.com\/1\/wp-json\/wp\/v2\/comments?post=109753"}],"version-history":[{"count":1,"href":"https:\/\/www.caririemacao.com\/1\/wp-json\/wp\/v2\/posts\/109753\/revisions"}],"predecessor-version":[{"id":109755,"href":"https:\/\/www.caririemacao.com\/1\/wp-json\/wp\/v2\/posts\/109753\/revisions\/109755"}],"wp:featuredmedia":[{"embeddable":true,"href":"https:\/\/www.caririemacao.com\/1\/wp-json\/wp\/v2\/media\/109754"}],"wp:attachment":[{"href":"https:\/\/www.caririemacao.com\/1\/wp-json\/wp\/v2\/media?parent=109753"}],"wp:term":[{"taxonomy":"category","embeddable":true,"href":"https:\/\/www.caririemacao.com\/1\/wp-json\/wp\/v2\/categories?post=109753"},{"taxonomy":"post_tag","embeddable":true,"href":"https:\/\/www.caririemacao.com\/1\/wp-json\/wp\/v2\/tags?post=109753"}],"curies":[{"name":"wp","href":"https:\/\/api.w.org\/{rel}","templated":true}]}}