{"id":109761,"date":"2019-08-11T08:25:31","date_gmt":"2019-08-11T11:25:31","guid":{"rendered":"http:\/\/www.caririemacao.com\/1\/?p=109761"},"modified":"2019-08-11T08:25:31","modified_gmt":"2019-08-11T11:25:31","slug":"secretario-do-planejamento-de-caraubas-participa-de-seminario-sobre-museologia-no-sebrae-em-campina-grande","status":"publish","type":"post","link":"https:\/\/www.caririemacao.com\/1\/2019\/08\/11\/secretario-do-planejamento-de-caraubas-participa-de-seminario-sobre-museologia-no-sebrae-em-campina-grande\/","title":{"rendered":"Secret\u00e1rio do planejamento de Cara\u00fabas participa de semin\u00e1rio sobre museologia, no sebrae, em Campina Grande"},"content":{"rendered":"\n<p>A Prefeitura Municipal de Cara\u00fabas esteve representada pelo secret\u00e1rio do Planejamento, Comunica\u00e7\u00e3o Institucional e Gest\u00e3o, jornalista Eduardo Belo, no Semin\u00e1rio sobre Museus e as Novas Economias promovido pelo SEBRAE, na cidade de Campina Grande, nesta sexta-feira, dia 9.O evento teve por objetivo realizar um balan\u00e7o da preserva\u00e7\u00e3o dos museus e da educa\u00e7\u00e3o em museus, na Para\u00edba, debater o cen\u00e1rio atual diante das novas economias e tra\u00e7ar perspectivas para o setor.Nossa participa\u00e7\u00e3o e de outras tantas pessoas ligada a museologia teve por objetivo principal tomar conhecimento e colher informa\u00e7\u00f5es para que possamos construir uma pol\u00edtica cultural e implanta\u00e7\u00e3o do Museu Memorial da cidade de Cara\u00fabas que disp\u00f5e de in\u00fameros objetos que relatam a hist\u00f3ria desde a cria\u00e7\u00e3o da vila de Cara\u00fabas e passando por fatos importantes que marcaram uma \u00e9poca, disse o secret\u00e1rio.A professora e escritora caraubense Maria do Carmo me repassou ano passado alguns documentos e me solicitou que n\u00e3o deixasse morrer a id\u00e9ia de edificarmos o nosso museu. Por isso, o SEBRAE nos ofereceu essa oportunidade de podermos esta hoje presente aqui para iniciarmos esse processo de transforma\u00e7\u00e3o, seja, atrav\u00e9s dos contatos que estamos conseguindo ou descobrindo uma forma de capta\u00e7\u00e3o de recursos para tentar realizar em sonho dos caraubenses, afirmou ele.A programa\u00e7\u00e3o contou com palestras e mesas redondas de representantes de museus e especialistas em economia critativa, colaborativa, compartilhada e de valores. Nomes como o de Valter J\u00fanior representante do Memorial Augusto dos Anjos, de Ma\u00edra de Oliveira Dias bacharel em Museologia pela Universidade do Rio de Janeiro, de Bruna Cruz muse\u00f3loga e representante Oi Futuro, que nesta fun\u00e7\u00e3o tem a oportunidade de explorar e empregar novas tecnologias de infraestrutura digital.Tivemos a oportunidade de conhecer o professor Piva, da Universidade Federal da Para\u00edba com quem conversamos bastante sobre a possibilidade de implantarmos o museu de Cara\u00fabas e, claro abrimos o dialogo com a pr\u00f3pria Universidade para iniciarmos um dialogo com vistas a empreender um levantamento de todo patrim\u00f4nio hist\u00f3rico do munic\u00edpio, afirmou Eduardo Belo.No encerramento do semin\u00e1rio uma mesa redonda formada e coordenada pela presidente do IPHAEP \u2013 Instituto do Patrim\u00f4nio Hist\u00f3rico e Artistico da Para\u00edba, Cassandra Figueiredo e que teve a participa\u00e7\u00e3o da muse\u00f3loga do Pa\u00e7o do Frevo, da cidade do Recife, Nicole Costa, da Ruth Gabino do Instituto Ricardo Brennand, tamb\u00e9m do Recife e de Fabiana Sales t\u00e9cnica em Assuntos Educacionais do Museu da Aboli\u00e7\u00e3o do Recife \u2013 PE.Ap\u00f3s o encerramento fizemos uma visita t\u00e9cnica ao Museu de Arte Popular da Para\u00edba, tamb\u00e9m conhecido como Museu dos Tr\u00eas Pandeiros, projetado pelo famoso arquiteto Oscar Niemeyer, localizado as margens do a\u00e7ude velho na cidade de Campina Grande, finalizou o secret\u00e1rio.<br><\/p>\n\n\n\n<p>Fonte:\u00a0<strong>SEPLACOM<\/strong> Foto:\u00a0<strong>Jean SEBRAE<\/strong><\/p>\n","protected":false},"excerpt":{"rendered":"<p>A Prefeitura Municipal de Cara\u00fabas esteve representada pelo secret\u00e1rio do Planejamento, Comunica\u00e7\u00e3o Institucional e Gest\u00e3o, jornalista Eduardo Belo, no Semin\u00e1rio sobre Museus e as Novas&hellip; <\/p>\n","protected":false},"author":1,"featured_media":109762,"comment_status":"closed","ping_status":"closed","sticky":false,"template":"","format":"standard","meta":{"sfsi_plus_gutenberg_text_before_share":"","sfsi_plus_gutenberg_show_text_before_share":"","sfsi_plus_gutenberg_icon_type":"","sfsi_plus_gutenberg_icon_alignemt":"","sfsi_plus_gutenburg_max_per_row":"","footnotes":""},"categories":[2],"tags":[],"class_list":["post-109761","post","type-post","status-publish","format-standard","has-post-thumbnail","hentry","category-geral"],"_links":{"self":[{"href":"https:\/\/www.caririemacao.com\/1\/wp-json\/wp\/v2\/posts\/109761","targetHints":{"allow":["GET"]}}],"collection":[{"href":"https:\/\/www.caririemacao.com\/1\/wp-json\/wp\/v2\/posts"}],"about":[{"href":"https:\/\/www.caririemacao.com\/1\/wp-json\/wp\/v2\/types\/post"}],"author":[{"embeddable":true,"href":"https:\/\/www.caririemacao.com\/1\/wp-json\/wp\/v2\/users\/1"}],"replies":[{"embeddable":true,"href":"https:\/\/www.caririemacao.com\/1\/wp-json\/wp\/v2\/comments?post=109761"}],"version-history":[{"count":1,"href":"https:\/\/www.caririemacao.com\/1\/wp-json\/wp\/v2\/posts\/109761\/revisions"}],"predecessor-version":[{"id":109763,"href":"https:\/\/www.caririemacao.com\/1\/wp-json\/wp\/v2\/posts\/109761\/revisions\/109763"}],"wp:featuredmedia":[{"embeddable":true,"href":"https:\/\/www.caririemacao.com\/1\/wp-json\/wp\/v2\/media\/109762"}],"wp:attachment":[{"href":"https:\/\/www.caririemacao.com\/1\/wp-json\/wp\/v2\/media?parent=109761"}],"wp:term":[{"taxonomy":"category","embeddable":true,"href":"https:\/\/www.caririemacao.com\/1\/wp-json\/wp\/v2\/categories?post=109761"},{"taxonomy":"post_tag","embeddable":true,"href":"https:\/\/www.caririemacao.com\/1\/wp-json\/wp\/v2\/tags?post=109761"}],"curies":[{"name":"wp","href":"https:\/\/api.w.org\/{rel}","templated":true}]}}