{"id":109766,"date":"2019-08-11T08:29:44","date_gmt":"2019-08-11T11:29:44","guid":{"rendered":"http:\/\/www.caririemacao.com\/1\/?p=109766"},"modified":"2019-08-11T08:29:44","modified_gmt":"2019-08-11T11:29:44","slug":"secretaria-da-educacao-de-caraubas-realizou-festividades-em-homenagens-ao-dia-dos-pais","status":"publish","type":"post","link":"https:\/\/www.caririemacao.com\/1\/2019\/08\/11\/secretaria-da-educacao-de-caraubas-realizou-festividades-em-homenagens-ao-dia-dos-pais\/","title":{"rendered":"Secretaria da educa\u00e7\u00e3o, de Cara\u00fabas, realizou festividades em homenagens ao dia dos pais"},"content":{"rendered":"\n<p>A Prefeitura Municipal de Cara\u00fabas atrav\u00e9s da Secretaria da Educa\u00e7\u00e3o realizou na quinta-feira, dia 8 e na sexta-feira, dia 9\/8, as comemora\u00e7\u00f5es alusivas as festividades em homenagem ao dia dos pais, respectivamente, no Distrito de Barreiras e na cidade de Cara\u00fabas.As festividades em Barreiras aconteceram no espa\u00e7o do antigo Mercado P\u00fablico e contou com a participa\u00e7\u00e3o de dezenas de pais de alunos da Escola Jo\u00e3o Jos\u00e9 de Alc\u00e2ntara sob a dire\u00e7\u00e3o do professor Roniely. Estiveram presentes, o prefeito Silvano Dudu, a secret\u00e1ria Rhayanne Fernandes, assessores da SEDUC, funcion\u00e1rios e professores da EMEIF Jo\u00e3o Jos\u00e9 de Alc\u00e2ntara.A noite foi bastante animada e produtiva, pois foram realizadas diversas a\u00e7\u00f5es com a participa\u00e7\u00e3o dos pais. Brincadeiras, gincanas e distribui\u00e7\u00e3o de brindes marcaram as festividades em comemora\u00e7\u00e3o ao dia dos pais.J\u00e1 na noite de ontem, na Escola Alice Jorge da Silva, na cidade de Cara\u00fabas a noite foi de muita descontra\u00e7\u00e3o com a Gincana promovida pela SEDUC. Os pais puderam participar de v\u00e1rias provas criativas o que tornou a noite bem atrativa. Centenas de pais participaram de dezenas de momentos preparados especialmente aos pais presentes.A secret\u00e1ria Rhayanne Fernandes falou que n\u00e3o poderia deixar de realizar esses momentos com os pais dos alunos da rede p\u00fablica de ensino. Estamos realizando um projeto de aproximar a fam\u00edlia e a escola, com a realiza\u00e7\u00e3o de palestras e cotando com o apoio dos pais para vivenciarem a vida acad\u00eamica de seus filhos, afirmou ela.O prefeito Silvano Dudu tamb\u00e9m se fez presente nas comemora\u00e7\u00f5es e afirmou o seu compromisso de continuar trabalhando forte pela educa\u00e7\u00e3o dos caraubenses. N\u00f3s temos ainda muitos projetos para executar, prometi transformar a nossa educa\u00e7\u00e3o e estamos fazendo isso com muita responsabilidade e compromisso com o futuro do nosso munic\u00edpio, afirmou ele.Assim como fizemos com o dia das m\u00e3es, n\u00e3o poderia deixar de fazer tamb\u00e9m com os pais. S\u00e3o momentos que marcam a vida dessas pessoas e tenho certeza que cada um que aqui esteve, sair\u00e1 com a sensa\u00e7\u00e3o de satisfa\u00e7\u00e3o pela lembran\u00e7a desta data, finalizou ele.<br><\/p>\n\n\n\n<p>Fonte:\u00a0<strong>SEPLACOM<\/strong> Foto:\u00a0<strong>Miguel Filho<\/strong><\/p>\n","protected":false},"excerpt":{"rendered":"<p>A Prefeitura Municipal de Cara\u00fabas atrav\u00e9s da Secretaria da Educa\u00e7\u00e3o realizou na quinta-feira, dia 8 e na sexta-feira, dia 9\/8, as comemora\u00e7\u00f5es alusivas as festividades&hellip; <\/p>\n","protected":false},"author":1,"featured_media":109767,"comment_status":"closed","ping_status":"closed","sticky":false,"template":"","format":"standard","meta":{"sfsi_plus_gutenberg_text_before_share":"","sfsi_plus_gutenberg_show_text_before_share":"","sfsi_plus_gutenberg_icon_type":"","sfsi_plus_gutenberg_icon_alignemt":"","sfsi_plus_gutenburg_max_per_row":"","footnotes":""},"categories":[6],"tags":[],"class_list":["post-109766","post","type-post","status-publish","format-standard","has-post-thumbnail","hentry","category-cidades"],"_links":{"self":[{"href":"https:\/\/www.caririemacao.com\/1\/wp-json\/wp\/v2\/posts\/109766","targetHints":{"allow":["GET"]}}],"collection":[{"href":"https:\/\/www.caririemacao.com\/1\/wp-json\/wp\/v2\/posts"}],"about":[{"href":"https:\/\/www.caririemacao.com\/1\/wp-json\/wp\/v2\/types\/post"}],"author":[{"embeddable":true,"href":"https:\/\/www.caririemacao.com\/1\/wp-json\/wp\/v2\/users\/1"}],"replies":[{"embeddable":true,"href":"https:\/\/www.caririemacao.com\/1\/wp-json\/wp\/v2\/comments?post=109766"}],"version-history":[{"count":1,"href":"https:\/\/www.caririemacao.com\/1\/wp-json\/wp\/v2\/posts\/109766\/revisions"}],"predecessor-version":[{"id":109768,"href":"https:\/\/www.caririemacao.com\/1\/wp-json\/wp\/v2\/posts\/109766\/revisions\/109768"}],"wp:featuredmedia":[{"embeddable":true,"href":"https:\/\/www.caririemacao.com\/1\/wp-json\/wp\/v2\/media\/109767"}],"wp:attachment":[{"href":"https:\/\/www.caririemacao.com\/1\/wp-json\/wp\/v2\/media?parent=109766"}],"wp:term":[{"taxonomy":"category","embeddable":true,"href":"https:\/\/www.caririemacao.com\/1\/wp-json\/wp\/v2\/categories?post=109766"},{"taxonomy":"post_tag","embeddable":true,"href":"https:\/\/www.caririemacao.com\/1\/wp-json\/wp\/v2\/tags?post=109766"}],"curies":[{"name":"wp","href":"https:\/\/api.w.org\/{rel}","templated":true}]}}