{"id":109771,"date":"2019-08-11T08:41:19","date_gmt":"2019-08-11T11:41:19","guid":{"rendered":"http:\/\/www.caririemacao.com\/1\/?p=109771"},"modified":"2019-08-11T08:41:19","modified_gmt":"2019-08-11T11:41:19","slug":"prefeito-de-caraubas-silvano-dudu-inspeciona-obras-de-pavimentacao-de-nova-area-de-lazer-no-distrito-de-barreiras","status":"publish","type":"post","link":"https:\/\/www.caririemacao.com\/1\/2019\/08\/11\/prefeito-de-caraubas-silvano-dudu-inspeciona-obras-de-pavimentacao-de-nova-area-de-lazer-no-distrito-de-barreiras\/","title":{"rendered":"Prefeito de Cara\u00fabas, Silvano Dudu, inspeciona obras de pavimenta\u00e7\u00e3o de nova \u00e1rea de lazer no distrito de Barreiras"},"content":{"rendered":"\n<p>A Prefeitura Municipal de Cara\u00fabas atrav\u00e9s da Secretaria de Obras P\u00fablicas e Servi\u00e7os Urbanos esta realizando a pavimenta\u00e7\u00e3o de um dos canteiros centras da rua Manoel Florentino de Lima, no Distrito de Barreiras, que servir\u00e1 como uma \u00e1rea de lazer para os habitantes daquele Distrito.Est\u00e3o sendo investidos R$ 20.000,00 (Vinte Mil Reais), com recursos pr\u00f3prios, para o pavimento da \u00e1rea que ir\u00e1 receber no final deste m\u00eas o primeiro grande evento, a festa da padroeira da localidade Nossa Senhora do Desterro.De acordo com o cronograma elaborado pela SOPSUR no inicio desta semana a \u00e1rea estar\u00e1 pronta para receber a infraestrutura da festa. Estamos tendo o zelo e o cuidado de deixar a \u00e1rea com o melhor espa\u00e7o poss\u00edvel para atender a demanda, n\u00e3o apenas deste evento, mas de todos os que sucederam, afirmou Jos\u00e9 Marcelo, secret\u00e1rio da SOPSUR.O prefeito Silvano Dudu afirmou que a nova \u00e1rea atende um apelo dos moradores e da comunidade crist\u00e3 que solicitou da Prefeitura o deslocamento da festa para uma nova \u00e1rea, uma vez que em frente a igreja estava danificando a estrutura do teto, face o volume do sistema de sonoriza\u00e7\u00e3o, bem como, a realiza\u00e7\u00e3o do leil\u00e3o que \u00e9 realizado sempre ap\u00f3s a celebra\u00e7\u00e3o.Entendemos que a parte social de responsabilidade da Prefeitura necessitaria ganhar mais espa\u00e7o em virtude do crescimento da festa. Como n\u00e3o tivemos tempo suficiente ano passado, prometemos transferir a festa para um novo local e depois de v\u00e1rios estudos chegamos a conclus\u00e3o que utilizando um dos canteiros centrais da principal avenida do Distrito seria suficiente, disse o prefeito.Neste novo espa\u00e7o pretendemos construir toda uma estrutura que possa servir n\u00e3o apenas para atender a esse evento, mas para quaisquer tipo de evento que seja necess\u00e1rio ser realizado pelo Poder P\u00fablico, afirmou Silvano.Contratamos m\u00e3o de obra terceirizada para que pud\u00e9ssemos concluir dentro dos prazos previstos a obra, uma vez que a festa se aproxima. Dias 23 e 24 de Agosto do corrente, tenho certeza que receberemos um excelente p\u00fablico para comemorarmos mais um ano da tradicional festa do Desterro de Barreiras de Cara\u00fabas, finalizou ele.<\/p>\n","protected":false},"excerpt":{"rendered":"<p>A Prefeitura Municipal de Cara\u00fabas atrav\u00e9s da Secretaria de Obras P\u00fablicas e Servi\u00e7os Urbanos esta realizando a pavimenta\u00e7\u00e3o de um dos canteiros centras da rua&hellip; <\/p>\n","protected":false},"author":1,"featured_media":109772,"comment_status":"closed","ping_status":"closed","sticky":false,"template":"","format":"standard","meta":{"sfsi_plus_gutenberg_text_before_share":"","sfsi_plus_gutenberg_show_text_before_share":"","sfsi_plus_gutenberg_icon_type":"","sfsi_plus_gutenberg_icon_alignemt":"","sfsi_plus_gutenburg_max_per_row":"","footnotes":""},"categories":[50,2],"tags":[],"class_list":["post-109771","post","type-post","status-publish","format-standard","has-post-thumbnail","hentry","category-destaque","category-geral"],"_links":{"self":[{"href":"https:\/\/www.caririemacao.com\/1\/wp-json\/wp\/v2\/posts\/109771","targetHints":{"allow":["GET"]}}],"collection":[{"href":"https:\/\/www.caririemacao.com\/1\/wp-json\/wp\/v2\/posts"}],"about":[{"href":"https:\/\/www.caririemacao.com\/1\/wp-json\/wp\/v2\/types\/post"}],"author":[{"embeddable":true,"href":"https:\/\/www.caririemacao.com\/1\/wp-json\/wp\/v2\/users\/1"}],"replies":[{"embeddable":true,"href":"https:\/\/www.caririemacao.com\/1\/wp-json\/wp\/v2\/comments?post=109771"}],"version-history":[{"count":1,"href":"https:\/\/www.caririemacao.com\/1\/wp-json\/wp\/v2\/posts\/109771\/revisions"}],"predecessor-version":[{"id":109773,"href":"https:\/\/www.caririemacao.com\/1\/wp-json\/wp\/v2\/posts\/109771\/revisions\/109773"}],"wp:featuredmedia":[{"embeddable":true,"href":"https:\/\/www.caririemacao.com\/1\/wp-json\/wp\/v2\/media\/109772"}],"wp:attachment":[{"href":"https:\/\/www.caririemacao.com\/1\/wp-json\/wp\/v2\/media?parent=109771"}],"wp:term":[{"taxonomy":"category","embeddable":true,"href":"https:\/\/www.caririemacao.com\/1\/wp-json\/wp\/v2\/categories?post=109771"},{"taxonomy":"post_tag","embeddable":true,"href":"https:\/\/www.caririemacao.com\/1\/wp-json\/wp\/v2\/tags?post=109771"}],"curies":[{"name":"wp","href":"https:\/\/api.w.org\/{rel}","templated":true}]}}