{"id":109776,"date":"2019-08-11T08:44:09","date_gmt":"2019-08-11T11:44:09","guid":{"rendered":"http:\/\/www.caririemacao.com\/1\/?p=109776"},"modified":"2019-08-11T08:44:09","modified_gmt":"2019-08-11T11:44:09","slug":"finalistas-das-olimpiadas-de-lingua-portuguesa-recebem-reconhecimento-em-monteiro","status":"publish","type":"post","link":"https:\/\/www.caririemacao.com\/1\/2019\/08\/11\/finalistas-das-olimpiadas-de-lingua-portuguesa-recebem-reconhecimento-em-monteiro\/","title":{"rendered":"Finalistas das Olimp\u00edadas de L\u00edngua Portuguesa recebem reconhecimento em Monteiro"},"content":{"rendered":"\n<div class=\"wp-block-image\"><figure class=\"alignleft\"><img decoding=\"async\" data-src=\"https:\/\/i2.wp.com\/www.vitrinedocariri.com.br\/wp-content\/uploads\/2019\/08\/Olimpiada1.jpeg?zoom=2&amp;resize=330%2C252&amp;ssl=1\" alt=\"\" class=\"wp-image-50393 lazyload\" src=\"data:image\/svg+xml;base64,PHN2ZyB3aWR0aD0iMSIgaGVpZ2h0PSIxIiB4bWxucz0iaHR0cDovL3d3dy53My5vcmcvMjAwMC9zdmciPjwvc3ZnPg==\" \/><\/figure><\/div>\n\n\n\n<p>&nbsp;&nbsp;Professores e alunos da Rede Municipal de Ensino de Monteiro estiveram engajados nas Olimp\u00edadas de L\u00edngua Portuguesa. Na Escola Maria Lauric\u00e9ia Freitas, os alunos finalistas dos 7\u00ba e 8\u00ba ano receberam o reconhecimento e a simb\u00f3lica premia\u00e7\u00e3o.<\/p>\n\n\n\n<p>Durante a Olimp\u00edada, os professores participantes realizaram oficinas de produ\u00e7\u00e3o de texto com os alunos nas categorias: Mem\u00f3rias Liter\u00e1rias e Cr\u00f4nica.<\/p>\n\n\n\n<p>G\u00eanero textual: Mem\u00f3rias Liter\u00e1rias \u2013 \u201cMinhas mem\u00f3rias, minha vida\u201d<br>Aluna: Mariany Rodrigues da Silva\/7 C;<\/p>\n\n\n\n<div class=\"wp-block-image\"><figure class=\"alignleft\"><img decoding=\"async\" data-src=\"https:\/\/i1.wp.com\/www.vitrinedocariri.com.br\/wp-content\/uploads\/2019\/08\/Olimpiada2.jpeg?zoom=2&amp;resize=330%2C247&amp;ssl=1\" alt=\"\" class=\"wp-image-50394 lazyload\" src=\"data:image\/svg+xml;base64,PHN2ZyB3aWR0aD0iMSIgaGVpZ2h0PSIxIiB4bWxucz0iaHR0cDovL3d3dy53My5vcmcvMjAwMC9zdmciPjwvc3ZnPg==\" \/><\/figure><\/div>\n\n\n\n<p>G\u00eanero textual: Mem\u00f3rias Liter\u00e1rias \u2013 \u201cSaudades dos velhos tempos\u201d<br>Aluna: Raquel Cardoso Medeiros\/7 D;<\/p>\n\n\n\n<p>G\u00eanero textual: Cr\u00f4nica \u2013 \u201cO abra\u00e7o\u201d<br>Aluna: Ja\u00edne de Ara\u00fajo Louren\u00e7o\/8 A;<\/p>\n\n\n\n<p>G\u00eanero textual: Cr\u00f4nica \u2013 \u201cA feira do dia de s\u00e1bado em Monteiro\u201d.<br>Aluno: Adriano Vin\u00edcius de Souza Bezerra\/8 B.<\/p>\n\n\n\n<div class=\"wp-block-image\"><figure class=\"alignleft\"><img decoding=\"async\" data-src=\"https:\/\/i2.wp.com\/www.vitrinedocariri.com.br\/wp-content\/uploads\/2019\/08\/Olimpiada3.jpeg?zoom=2&amp;resize=330%2C278&amp;ssl=1\" alt=\"\" class=\"wp-image-50395 lazyload\" src=\"data:image\/svg+xml;base64,PHN2ZyB3aWR0aD0iMSIgaGVpZ2h0PSIxIiB4bWxucz0iaHR0cDovL3d3dy53My5vcmcvMjAwMC9zdmciPjwvc3ZnPg==\" \/><\/figure><\/div>\n\n\n\n<p>Segundo a diretora da Escola, Am\u00e9lia Caldeira, os professores realizaram atividades de leitura a fim de aprofundar o conhecimento sobre o g\u00eanero trabalhado, pesquisas junto \u00e0 comunidade, din\u00e2micas e&nbsp;execu\u00e7\u00f5es de produ\u00e7\u00e3o de textos. Todos os conte\u00fados foram criados e incorporados ao planejamento do ano escolar, sem fugir ao cotidiano da sala de aula.<\/p>\n\n\n\n<p>\u201cA Olimp\u00edada evidencia a import\u00e2ncia da educa\u00e7\u00e3o na perspectiva do desenvolvimento integral do aluno. Neste sentido o aluno \u00e9 incentivado a buscar a compreens\u00e3o de todos os conte\u00fados que se apresentam dentro e fora da escola, por meio da leitura e da escrita. O fruto deste intenso trabalho realizado em sala de aula \u00e9 onde percebemos que o estudante sabe se expressar e sempre amplia a capacidade de compreens\u00e3o do mundo, o que reverte no fortalecimento da cidadania\u201d, conclui Am\u00e9lia Caldeira.<\/p>\n\n\n\n<div class=\"wp-block-image\"><figure class=\"alignleft\"><img decoding=\"async\" data-src=\"https:\/\/i2.wp.com\/www.vitrinedocariri.com.br\/wp-content\/uploads\/2019\/08\/Olimpiada4.jpeg?zoom=2&amp;resize=330%2C246&amp;ssl=1\" alt=\"\" class=\"wp-image-50396 lazyload\" src=\"data:image\/svg+xml;base64,PHN2ZyB3aWR0aD0iMSIgaGVpZ2h0PSIxIiB4bWxucz0iaHR0cDovL3d3dy53My5vcmcvMjAwMC9zdmciPjwvc3ZnPg==\" \/><\/figure><\/div>\n","protected":false},"excerpt":{"rendered":"<p>&nbsp;&nbsp;Professores e alunos da Rede Municipal de Ensino de Monteiro estiveram engajados nas Olimp\u00edadas de L\u00edngua Portuguesa. Na Escola Maria Lauric\u00e9ia Freitas, os alunos finalistas&hellip; <\/p>\n","protected":false},"author":1,"featured_media":109777,"comment_status":"closed","ping_status":"closed","sticky":false,"template":"","format":"standard","meta":{"sfsi_plus_gutenberg_text_before_share":"","sfsi_plus_gutenberg_show_text_before_share":"","sfsi_plus_gutenberg_icon_type":"","sfsi_plus_gutenberg_icon_alignemt":"","sfsi_plus_gutenburg_max_per_row":"","footnotes":""},"categories":[14],"tags":[],"class_list":["post-109776","post","type-post","status-publish","format-standard","has-post-thumbnail","hentry","category-educacao"],"_links":{"self":[{"href":"https:\/\/www.caririemacao.com\/1\/wp-json\/wp\/v2\/posts\/109776","targetHints":{"allow":["GET"]}}],"collection":[{"href":"https:\/\/www.caririemacao.com\/1\/wp-json\/wp\/v2\/posts"}],"about":[{"href":"https:\/\/www.caririemacao.com\/1\/wp-json\/wp\/v2\/types\/post"}],"author":[{"embeddable":true,"href":"https:\/\/www.caririemacao.com\/1\/wp-json\/wp\/v2\/users\/1"}],"replies":[{"embeddable":true,"href":"https:\/\/www.caririemacao.com\/1\/wp-json\/wp\/v2\/comments?post=109776"}],"version-history":[{"count":1,"href":"https:\/\/www.caririemacao.com\/1\/wp-json\/wp\/v2\/posts\/109776\/revisions"}],"predecessor-version":[{"id":109778,"href":"https:\/\/www.caririemacao.com\/1\/wp-json\/wp\/v2\/posts\/109776\/revisions\/109778"}],"wp:featuredmedia":[{"embeddable":true,"href":"https:\/\/www.caririemacao.com\/1\/wp-json\/wp\/v2\/media\/109777"}],"wp:attachment":[{"href":"https:\/\/www.caririemacao.com\/1\/wp-json\/wp\/v2\/media?parent=109776"}],"wp:term":[{"taxonomy":"category","embeddable":true,"href":"https:\/\/www.caririemacao.com\/1\/wp-json\/wp\/v2\/categories?post=109776"},{"taxonomy":"post_tag","embeddable":true,"href":"https:\/\/www.caririemacao.com\/1\/wp-json\/wp\/v2\/tags?post=109776"}],"curies":[{"name":"wp","href":"https:\/\/api.w.org\/{rel}","templated":true}]}}