{"id":109781,"date":"2019-08-11T08:46:01","date_gmt":"2019-08-11T11:46:01","guid":{"rendered":"http:\/\/www.caririemacao.com\/1\/?p=109781"},"modified":"2019-08-11T08:46:01","modified_gmt":"2019-08-11T11:46:01","slug":"bisurada-da-rede-municipal-de-monteiro-prepara-alunos-de-5o-e-9o-ano-para-prova-saeb","status":"publish","type":"post","link":"https:\/\/www.caririemacao.com\/1\/2019\/08\/11\/bisurada-da-rede-municipal-de-monteiro-prepara-alunos-de-5o-e-9o-ano-para-prova-saeb\/","title":{"rendered":"Bisurada da Rede Municipal de Monteiro prepara alunos de 5\u00ba e 9\u00ba ano para prova Saeb"},"content":{"rendered":"\n<p>A maior edi\u00e7\u00e3o do Sistema de Avalia\u00e7\u00e3o da Educa\u00e7\u00e3o B\u00e1sica (Saeb) ser\u00e1 aplicada pelo Inep entre os dias 14 e 25 de outubro, em escolas p\u00fablicas de todo pa\u00eds. A avalia\u00e7\u00e3o externa em larga escala, realizada pelo Inep desde 1990, dever\u00e1 ter p\u00fablico recorde na edi\u00e7\u00e3o de 2019. Os resultados permitir\u00e3o compreender melhor a realidade das escolas e das redes municipais e estaduais de educa\u00e7\u00e3o. Ao medir o aprendizado dos estudantes em L\u00edngua Portuguesa e Matem\u00e1tica, o Saeb subsidia o c\u00e1lculo do \u00cdndice de Desenvolvimento da Educa\u00e7\u00e3o B\u00e1sica (Ideb).Em prepara\u00e7\u00e3o para a avalia\u00e7\u00e3o Nacional da Prova Saeb, as turmas do 5\u00b0 e 9\u00b0 ano participar\u00e3o na pr\u00f3xima sexta-feira, dia 16, no Centro Cultural Alexandre da Silva Brito e no Teatro Jansen Filho, da I Bisurada da Rede Municipal de Ensino de Monteiro.As aulas acontecer\u00e3o com professores experientes que j\u00e1 realizam o evento na cidade de Campina Grande. Muitas dicas importantes ser\u00e3o repassadas aos estudantes que de forma descontra\u00edda poder\u00e3o experimentar mais esta novidade preparada pela Secretaria de Educa\u00e7\u00e3o de Monteiro.\u201cAcreditamos que este ano, assim como no ano passado, conseguiremos novamente exceder a meta. Nossos alunos est\u00e3o sendo bem instru\u00eddos e temos a certeza que os frutos do trabalho da equipe docente ser\u00e1 colhido com muito sucesso. A Rede Municipal consegue enxergar a potencialidade das nossas crian\u00e7as e buscamos sempre incentivar a evolu\u00e7\u00e3o das mesmas. Sabemos que constru\u00edmos uma nova realidade a partir das crian\u00e7as e a partir da educa\u00e7\u00e3o que recebem, e temos cuidado muito bem dessa quest\u00e3o\u201d, exprime a secret\u00e1ria da pasta, Ana Lima.<\/p>\n\n\n\n<div class=\"wp-block-image\"><figure class=\"alignleft\"><img decoding=\"async\" data-src=\"https:\/\/i0.wp.com\/www.vitrinedocariri.com.br\/wp-content\/uploads\/2019\/08\/Bizurada2.jpeg?zoom=2&amp;resize=330%2C175&amp;ssl=1\" alt=\"\" class=\"wp-image-50446 lazyload\" src=\"data:image\/svg+xml;base64,PHN2ZyB3aWR0aD0iMSIgaGVpZ2h0PSIxIiB4bWxucz0iaHR0cDovL3d3dy53My5vcmcvMjAwMC9zdmciPjwvc3ZnPg==\" \/><\/figure><\/div>\n\n\n\n<p>Saeb \u2013 O Sistema de Avalia\u00e7\u00e3o da Educa\u00e7\u00e3o B\u00e1sica (Saeb) permite produzir indicadores educacionais para o Brasil, regi\u00f5es, Unidades da Federa\u00e7\u00e3o e, quando poss\u00edvel, para os munic\u00edpios e escolas. O sistema de avalia\u00e7\u00e3o externa de larga escala tamb\u00e9m permite avaliar a qualidade, a equidade e a efici\u00eancia da educa\u00e7\u00e3o praticada nos diversos n\u00edveis governamentais; subsidiar a elabora\u00e7\u00e3o, o monitoramento e o aprimoramento de pol\u00edticas p\u00fablicas em educa\u00e7\u00e3o baseadas em evid\u00eancias; e desenvolver compet\u00eancia t\u00e9cnica e cient\u00edfica na \u00e1rea de avalia\u00e7\u00e3o educacional.O Saeb recorre a question\u00e1rios e provas para avaliar v\u00e1rias dimens\u00f5es de qualidade da Educa\u00e7\u00e3o B\u00e1sica que se inter-relacionam para promover percursos regulares de aprendizagens com vistas \u00e0 forma\u00e7\u00e3o integral dos estudantes brasileiros. Os resultados do Saeb, combinados com dados do Censo Escolar, permitem o c\u00e1lculo do \u00cdndice de Desenvolvimento da Educa\u00e7\u00e3o B\u00e1sica (Ideb).P\u00fablico-alvo \u2013 Os testes de L\u00edngua Portuguesa e Matem\u00e1tica e question\u00e1rios ser\u00e3o aplicados para estudantes do 5\u00ba e 9\u00ba anos do Ensino Fundamental.<br>Uma outra amostra de estudantes do 9\u00ba ano do Ensino Fundamental, de escolas p\u00fablicas e privadas, responder\u00e1 a question\u00e1rios e aos novos testes de Ci\u00eancias da Natureza e Ci\u00eancias Humanas.<\/p>\n","protected":false},"excerpt":{"rendered":"<p>A maior edi\u00e7\u00e3o do Sistema de Avalia\u00e7\u00e3o da Educa\u00e7\u00e3o B\u00e1sica (Saeb) ser\u00e1 aplicada pelo Inep entre os dias 14 e 25 de outubro, em escolas&hellip; <\/p>\n","protected":false},"author":1,"featured_media":109782,"comment_status":"closed","ping_status":"closed","sticky":false,"template":"","format":"standard","meta":{"sfsi_plus_gutenberg_text_before_share":"","sfsi_plus_gutenberg_show_text_before_share":"","sfsi_plus_gutenberg_icon_type":"","sfsi_plus_gutenberg_icon_alignemt":"","sfsi_plus_gutenburg_max_per_row":"","footnotes":""},"categories":[2],"tags":[],"class_list":["post-109781","post","type-post","status-publish","format-standard","has-post-thumbnail","hentry","category-geral"],"_links":{"self":[{"href":"https:\/\/www.caririemacao.com\/1\/wp-json\/wp\/v2\/posts\/109781","targetHints":{"allow":["GET"]}}],"collection":[{"href":"https:\/\/www.caririemacao.com\/1\/wp-json\/wp\/v2\/posts"}],"about":[{"href":"https:\/\/www.caririemacao.com\/1\/wp-json\/wp\/v2\/types\/post"}],"author":[{"embeddable":true,"href":"https:\/\/www.caririemacao.com\/1\/wp-json\/wp\/v2\/users\/1"}],"replies":[{"embeddable":true,"href":"https:\/\/www.caririemacao.com\/1\/wp-json\/wp\/v2\/comments?post=109781"}],"version-history":[{"count":1,"href":"https:\/\/www.caririemacao.com\/1\/wp-json\/wp\/v2\/posts\/109781\/revisions"}],"predecessor-version":[{"id":109783,"href":"https:\/\/www.caririemacao.com\/1\/wp-json\/wp\/v2\/posts\/109781\/revisions\/109783"}],"wp:featuredmedia":[{"embeddable":true,"href":"https:\/\/www.caririemacao.com\/1\/wp-json\/wp\/v2\/media\/109782"}],"wp:attachment":[{"href":"https:\/\/www.caririemacao.com\/1\/wp-json\/wp\/v2\/media?parent=109781"}],"wp:term":[{"taxonomy":"category","embeddable":true,"href":"https:\/\/www.caririemacao.com\/1\/wp-json\/wp\/v2\/categories?post=109781"},{"taxonomy":"post_tag","embeddable":true,"href":"https:\/\/www.caririemacao.com\/1\/wp-json\/wp\/v2\/tags?post=109781"}],"curies":[{"name":"wp","href":"https:\/\/api.w.org\/{rel}","templated":true}]}}