{"id":109787,"date":"2019-08-11T08:48:33","date_gmt":"2019-08-11T11:48:33","guid":{"rendered":"http:\/\/www.caririemacao.com\/1\/?p=109787"},"modified":"2019-08-11T08:48:33","modified_gmt":"2019-08-11T11:48:33","slug":"presidente-bolsonaro-sugere-que-brasileiro-deixe-de-fazer-coco-todos-os-dias","status":"publish","type":"post","link":"https:\/\/www.caririemacao.com\/1\/2019\/08\/11\/presidente-bolsonaro-sugere-que-brasileiro-deixe-de-fazer-coco-todos-os-dias\/","title":{"rendered":"Presidente Bolsonaro sugere que brasileiro deixe de \u201cfazer coc\u00f4\u201d todos os dias"},"content":{"rendered":"\n<p>O presidente Jair Bolsonaro voltou a usar um tom ir\u00f4nico ao ser questionado se \u00e9 poss\u00edvel conciliar desenvolvimento com meio ambiente, durante entrevista coletiva na sa\u00edda do Pal\u00e1cio da Alvorada.&nbsp;<\/p>\n\n\n\n<p>\u201c\u00c9 l\u00f3gico que sim (crescimento com preserva\u00e7\u00e3o). \u00c9 s\u00f3 voc\u00ea deixar de comer menos um pouquinho. Quando se fala em polui\u00e7\u00e3o ambiental, \u00e9 s\u00f3 voc\u00ea fazer coc\u00f4 dia sim, dia n\u00e3o, que melhora bastante a nossa vida tamb\u00e9m, t\u00e1 certo?\u201d, sugeriu ele a um rep\u00f3rter.&nbsp;<\/p>\n","protected":false},"excerpt":{"rendered":"<p>O presidente Jair Bolsonaro voltou a usar um tom ir\u00f4nico ao ser questionado se \u00e9 poss\u00edvel conciliar desenvolvimento com meio ambiente, durante entrevista coletiva na&hellip; <\/p>\n","protected":false},"author":1,"featured_media":107521,"comment_status":"closed","ping_status":"closed","sticky":false,"template":"","format":"standard","meta":{"sfsi_plus_gutenberg_text_before_share":"","sfsi_plus_gutenberg_show_text_before_share":"","sfsi_plus_gutenberg_icon_type":"","sfsi_plus_gutenberg_icon_alignemt":"","sfsi_plus_gutenburg_max_per_row":"","footnotes":""},"categories":[11],"tags":[],"class_list":["post-109787","post","type-post","status-publish","format-standard","has-post-thumbnail","hentry","category-politica"],"_links":{"self":[{"href":"https:\/\/www.caririemacao.com\/1\/wp-json\/wp\/v2\/posts\/109787","targetHints":{"allow":["GET"]}}],"collection":[{"href":"https:\/\/www.caririemacao.com\/1\/wp-json\/wp\/v2\/posts"}],"about":[{"href":"https:\/\/www.caririemacao.com\/1\/wp-json\/wp\/v2\/types\/post"}],"author":[{"embeddable":true,"href":"https:\/\/www.caririemacao.com\/1\/wp-json\/wp\/v2\/users\/1"}],"replies":[{"embeddable":true,"href":"https:\/\/www.caririemacao.com\/1\/wp-json\/wp\/v2\/comments?post=109787"}],"version-history":[{"count":1,"href":"https:\/\/www.caririemacao.com\/1\/wp-json\/wp\/v2\/posts\/109787\/revisions"}],"predecessor-version":[{"id":109788,"href":"https:\/\/www.caririemacao.com\/1\/wp-json\/wp\/v2\/posts\/109787\/revisions\/109788"}],"wp:featuredmedia":[{"embeddable":true,"href":"https:\/\/www.caririemacao.com\/1\/wp-json\/wp\/v2\/media\/107521"}],"wp:attachment":[{"href":"https:\/\/www.caririemacao.com\/1\/wp-json\/wp\/v2\/media?parent=109787"}],"wp:term":[{"taxonomy":"category","embeddable":true,"href":"https:\/\/www.caririemacao.com\/1\/wp-json\/wp\/v2\/categories?post=109787"},{"taxonomy":"post_tag","embeddable":true,"href":"https:\/\/www.caririemacao.com\/1\/wp-json\/wp\/v2\/tags?post=109787"}],"curies":[{"name":"wp","href":"https:\/\/api.w.org\/{rel}","templated":true}]}}