{"id":109796,"date":"2019-08-11T09:04:44","date_gmt":"2019-08-11T12:04:44","guid":{"rendered":"http:\/\/www.caririemacao.com\/1\/?p=109796"},"modified":"2019-08-11T09:04:44","modified_gmt":"2019-08-11T12:04:44","slug":"bolsonaro-diz-que-aposentados-devem-ter-o-mesmo-reajuste-do-salario-minimo","status":"publish","type":"post","link":"https:\/\/www.caririemacao.com\/1\/2019\/08\/11\/bolsonaro-diz-que-aposentados-devem-ter-o-mesmo-reajuste-do-salario-minimo\/","title":{"rendered":"Bolsonaro diz que aposentados devem ter o mesmo reajuste do sal\u00e1rio m\u00ednimo"},"content":{"rendered":"\n<p>O presidente Jair Bolsonaro disse neste s\u00e1bado, 10, que pretende manter a reajuste do sal\u00e1rio m\u00ednimo e das aposentadorias. \u201cEu pretendo \u00e9 que o aposentado siga o mesmo porcentual, no m\u00ednimo. N\u00e3o podemos deixar cada vez mais o aposentado para tr\u00e1s. Isso \u00e9 o que eu tenho a falar. No tocante a n\u00fameros, tem que conversar com a equipe econ\u00f4mica\u201d, disse ele durante conversa com os jornalistas no Pal\u00e1cio do Planalto antes de participar da Marcha para Jesus, em Bras\u00edlia, quando questionado sobre o valor de reajuste do piso nacional.&nbsp;<\/p>\n\n\n\n<p>Segundo a Lei de Diretrizes Or\u00e7ament\u00e1rias (LDO), aprovada por uma comiss\u00e3o mista esta semana, o reajuste do m\u00ednimo ser\u00e1 de 4,20%, de 998 reais para 1.040 reais, considerando apenas a infla\u00e7\u00e3o. Ent\u00e3o, seria o sal\u00e1rio m\u00ednimo que passaria a ter o reajuste igual das aposentadorias.&nbsp;<\/p>\n\n\n\n<p>At\u00e9 este ano, as aposentadorias que tem como valor do benef\u00edcio o sal\u00e1rio m\u00ednimo eram as \u00fanicas vinculadas ao reajuste do piso nacional. Os outros benef\u00edcios tem a corre\u00e7\u00e3o feita pela infla\u00e7\u00e3o. Isso porque a pol\u00edtica de reajuste salarial vigente prev\u00ea a corre\u00e7\u00e3o do piso salarial pela infla\u00e7\u00e3o do ano anterior mais a varia\u00e7\u00e3o do PIB de dois anos antes. Em 2019, a corre\u00e7\u00e3o do m\u00ednimo e das aposentadorias:&nbsp; 4,61% para quem ganha o piso e 3,43% para os aposentados que recebem mais que os 998 reais. Ou seja, em anos que o PIB positivo entrava na conta, os aposentados tiveram perda real em seus benef\u00edcios.&nbsp;<\/p>\n\n\n\n<p>Para 2019, no entanto, o sal\u00e1rio m\u00ednimo deve ser reajustado apenas pela infla\u00e7\u00e3o, ficando, ent\u00e3o, igual a das aposentadorias. Na quinta-feira, a Comiss\u00e3o Mista de Or\u00e7amento (CMO) do Congresso Nacional aprovou a Lei de Diretrizes Or\u00e7ament\u00e1rias (LDO) para 2020. Na proposta, que ainda precisa ser votada em plen\u00e1rio, o sal\u00e1rio m\u00ednimo foi corrigido apenas pela infla\u00e7\u00e3o, sem aumento real.<\/p>\n\n\n\n<p>A LDO \u00e9 o texto que d\u00e1 base ao governo na elabora\u00e7\u00e3o do Or\u00e7amento do pr\u00f3ximo ano. A equipe econ\u00f4mica ainda pode para fazer mudan\u00e7as, mas h\u00e1 pouco tempo, pois a Proposta de Lei Or\u00e7ament\u00e1ria Anual (PLOA) deve ser apresentada pelo Executivo ao Parlamento at\u00e9 o dia 31 de agosto. A equipe econ\u00f4mica j\u00e1 avisou que a PLOA vai prever a manuten\u00e7\u00e3o do poder de compra do sal\u00e1rio m\u00ednimo \u2013 ou seja, a corre\u00e7\u00e3o apenas pela infla\u00e7\u00e3o, sem aumento real.<\/p>\n\n\n\n<p>Segundo o secret\u00e1rio especial de Fazenda do Minist\u00e9rio da Economia, Waldery Rodrigues J\u00fanior, o governo tem at\u00e9 dezembro para definir a nova pol\u00edtica do sal\u00e1rio m\u00ednimo.&nbsp;<\/p>\n","protected":false},"excerpt":{"rendered":"<p>O presidente Jair Bolsonaro disse neste s\u00e1bado, 10, que pretende manter a reajuste do sal\u00e1rio m\u00ednimo e das aposentadorias. \u201cEu pretendo \u00e9 que o aposentado&hellip; <\/p>\n","protected":false},"author":1,"featured_media":109797,"comment_status":"closed","ping_status":"closed","sticky":false,"template":"","format":"standard","meta":{"sfsi_plus_gutenberg_text_before_share":"","sfsi_plus_gutenberg_show_text_before_share":"","sfsi_plus_gutenberg_icon_type":"","sfsi_plus_gutenberg_icon_alignemt":"","sfsi_plus_gutenburg_max_per_row":"","footnotes":""},"categories":[11],"tags":[],"class_list":["post-109796","post","type-post","status-publish","format-standard","has-post-thumbnail","hentry","category-politica"],"_links":{"self":[{"href":"https:\/\/www.caririemacao.com\/1\/wp-json\/wp\/v2\/posts\/109796","targetHints":{"allow":["GET"]}}],"collection":[{"href":"https:\/\/www.caririemacao.com\/1\/wp-json\/wp\/v2\/posts"}],"about":[{"href":"https:\/\/www.caririemacao.com\/1\/wp-json\/wp\/v2\/types\/post"}],"author":[{"embeddable":true,"href":"https:\/\/www.caririemacao.com\/1\/wp-json\/wp\/v2\/users\/1"}],"replies":[{"embeddable":true,"href":"https:\/\/www.caririemacao.com\/1\/wp-json\/wp\/v2\/comments?post=109796"}],"version-history":[{"count":1,"href":"https:\/\/www.caririemacao.com\/1\/wp-json\/wp\/v2\/posts\/109796\/revisions"}],"predecessor-version":[{"id":109798,"href":"https:\/\/www.caririemacao.com\/1\/wp-json\/wp\/v2\/posts\/109796\/revisions\/109798"}],"wp:featuredmedia":[{"embeddable":true,"href":"https:\/\/www.caririemacao.com\/1\/wp-json\/wp\/v2\/media\/109797"}],"wp:attachment":[{"href":"https:\/\/www.caririemacao.com\/1\/wp-json\/wp\/v2\/media?parent=109796"}],"wp:term":[{"taxonomy":"category","embeddable":true,"href":"https:\/\/www.caririemacao.com\/1\/wp-json\/wp\/v2\/categories?post=109796"},{"taxonomy":"post_tag","embeddable":true,"href":"https:\/\/www.caririemacao.com\/1\/wp-json\/wp\/v2\/tags?post=109796"}],"curies":[{"name":"wp","href":"https:\/\/api.w.org\/{rel}","templated":true}]}}