{"id":109822,"date":"2019-08-12T07:38:19","date_gmt":"2019-08-12T10:38:19","guid":{"rendered":"http:\/\/www.caririemacao.com\/1\/?p=109822"},"modified":"2019-08-12T07:38:19","modified_gmt":"2019-08-12T10:38:19","slug":"homem-morre-sentado-em-cadeira-de-bar-apos-ser-baleado-no-sertao-da-paraiba","status":"publish","type":"post","link":"https:\/\/www.caririemacao.com\/1\/2019\/08\/12\/homem-morre-sentado-em-cadeira-de-bar-apos-ser-baleado-no-sertao-da-paraiba\/","title":{"rendered":"Homem morre sentado em cadeira de bar ap\u00f3s ser baleado no Sert\u00e3o da Para\u00edba"},"content":{"rendered":"\n<p>Um homem morreu sentado ao ser baleado em um bar, no munic\u00edpio de Catol\u00e9 do Rocha, no Sert\u00e3o da Para\u00edba. O crime aconteceu na noite deste domingo (11), na Rua Am\u00e9rico Hermenegildo, pr\u00f3ximo do CAIC de Catol\u00e9 do Rocha.<\/p>\n\n\n\n<p>A v\u00edtima foi inicialmente identificada como Roberto Ferreira da Silva, de 38 anos. As informa\u00e7\u00f5es preliminares s\u00e3o de que desconhecidos se aproximaram e atiraram v\u00e1rias vezes contra Roberto.<\/p>\n\n\n\n<p>Os autores e motivo do homic\u00eddio n\u00e3o foram divulgados at\u00e9 a noite deste domingo. A Pol\u00edcia Civil deve investigar o caso.<\/p>\n","protected":false},"excerpt":{"rendered":"<p>Um homem morreu sentado ao ser baleado em um bar, no munic\u00edpio de Catol\u00e9 do Rocha, no Sert\u00e3o da Para\u00edba. O crime aconteceu na noite&hellip; <\/p>\n","protected":false},"author":1,"featured_media":109823,"comment_status":"closed","ping_status":"closed","sticky":false,"template":"","format":"standard","meta":{"sfsi_plus_gutenberg_text_before_share":"","sfsi_plus_gutenberg_show_text_before_share":"","sfsi_plus_gutenberg_icon_type":"","sfsi_plus_gutenberg_icon_alignemt":"","sfsi_plus_gutenburg_max_per_row":"","footnotes":""},"categories":[12],"tags":[],"class_list":["post-109822","post","type-post","status-publish","format-standard","has-post-thumbnail","hentry","category-policia"],"_links":{"self":[{"href":"https:\/\/www.caririemacao.com\/1\/wp-json\/wp\/v2\/posts\/109822","targetHints":{"allow":["GET"]}}],"collection":[{"href":"https:\/\/www.caririemacao.com\/1\/wp-json\/wp\/v2\/posts"}],"about":[{"href":"https:\/\/www.caririemacao.com\/1\/wp-json\/wp\/v2\/types\/post"}],"author":[{"embeddable":true,"href":"https:\/\/www.caririemacao.com\/1\/wp-json\/wp\/v2\/users\/1"}],"replies":[{"embeddable":true,"href":"https:\/\/www.caririemacao.com\/1\/wp-json\/wp\/v2\/comments?post=109822"}],"version-history":[{"count":1,"href":"https:\/\/www.caririemacao.com\/1\/wp-json\/wp\/v2\/posts\/109822\/revisions"}],"predecessor-version":[{"id":109824,"href":"https:\/\/www.caririemacao.com\/1\/wp-json\/wp\/v2\/posts\/109822\/revisions\/109824"}],"wp:featuredmedia":[{"embeddable":true,"href":"https:\/\/www.caririemacao.com\/1\/wp-json\/wp\/v2\/media\/109823"}],"wp:attachment":[{"href":"https:\/\/www.caririemacao.com\/1\/wp-json\/wp\/v2\/media?parent=109822"}],"wp:term":[{"taxonomy":"category","embeddable":true,"href":"https:\/\/www.caririemacao.com\/1\/wp-json\/wp\/v2\/categories?post=109822"},{"taxonomy":"post_tag","embeddable":true,"href":"https:\/\/www.caririemacao.com\/1\/wp-json\/wp\/v2\/tags?post=109822"}],"curies":[{"name":"wp","href":"https:\/\/api.w.org\/{rel}","templated":true}]}}