{"id":109841,"date":"2019-08-12T10:47:03","date_gmt":"2019-08-12T13:47:03","guid":{"rendered":"http:\/\/www.caririemacao.com\/1\/?p=109841"},"modified":"2019-08-12T10:47:03","modified_gmt":"2019-08-12T13:47:03","slug":"expectativa-do-mercado-para-selic-cai-para-5-ao-ano-no-fim-de-2019","status":"publish","type":"post","link":"https:\/\/www.caririemacao.com\/1\/2019\/08\/12\/expectativa-do-mercado-para-selic-cai-para-5-ao-ano-no-fim-de-2019\/","title":{"rendered":"Expectativa do mercado para Selic cai para 5% ao ano no fim de 2019"},"content":{"rendered":"\n<p>O mercado financeiro continua reduzindo a proje\u00e7\u00e3o para a taxa b\u00e1sica de juros, a Selic, ao final deste ano. Segundo o boletim Focus, pesquisa divulgada todas as semanas pelo Banco Central (BC), a previs\u00e3o \u00e9 que a taxa Selic encerre 2019 em 5% ao ano. Na semana passada, a expectativa tinha ca\u00eddo de 5,5% ao ano para 5,25% ao ano.<\/p>\n\n\n\n<p>As revis\u00f5es das expectativas ocorreram ap\u00f3s o Comit\u00ea de Pol\u00edtica Monet\u00e1ria (Copom) do Banco Central reduzir a Selic em 0,5 ponto percentual para 6% ao ano, no dia 31 de julho.<\/p>\n\n\n\n<p>Para o fim de 2020, a previs\u00e3o continua em 5,5% ao ano. Tamb\u00e9m n\u00e3o houve altera\u00e7\u00e3o na expectativa para o final de 2021 e 2022: 7% ao ano.<\/p>\n\n\n\n<h2 class=\"wp-block-heading\">Crescimento da economia<\/h2>\n\n\n\n<p>A proje\u00e7\u00e3o para a expans\u00e3o do Produto Interno Bruto (PIB) \u2013 a soma de todos os bens e servi\u00e7os produzidos no pa\u00eds \u2013 foi ajustada de 0,82% para 0,81% neste ano.<\/p>\n\n\n\n<p>Segundo a pesquisa, n\u00e3o houve altera\u00e7\u00e3o nas estimativas para os anos seguintes: 2,1% em 2020, 2,5% em 2021 e 2022.<\/p>\n\n\n\n<p><a href=\"http:\/\/genciabrasil.ebc.com.br\/economia\/noticia\/2019-08\/atividade-economica-registra-retracao-de-013-no-segundo-trimestre\" target=\"_blank\" rel=\"noreferrer noopener\">Hoje, o BC informou que a atividade econ\u00f4mica<\/a>&nbsp;apresentou retra\u00e7\u00e3o pelo segundo trimestre seguido. O \u00cdndice de Atividade Econ\u00f4mica do Banco Central (IBC-Br) registrou queda de 0,13% no segundo trimestre, comparado com o per\u00edodo de janeiro a mar\u00e7o deste ano.<\/p>\n\n\n\n<h2 class=\"wp-block-heading\">Infla\u00e7\u00e3o<\/h2>\n\n\n\n<p>A estimativa de infla\u00e7\u00e3o, calculada pelo \u00cdndice Nacional de Pre\u00e7os ao Consumidor Amplo (IPCA), caiu de 3,80% para 3,76%. N\u00e3o houve altera\u00e7\u00e3o nas estimativas para os anos seguintes: 3,90%, em 2020, 3,75%, em 2021, 3,5%, em 2022.<\/p>\n\n\n\n<p>A meta de infla\u00e7\u00e3o, definida pelo Conselho Monet\u00e1rio Nacional (CMN), \u00e9 4,25%, em 2019, 4% em 2020, 3,75% em 2021 e 3,5%, em 2022 com toler\u00e2ncia de 1,5 ponto percentual para cima ou para baixo.<\/p>\n\n\n\n<p>Para alcan\u00e7ar a meta de infla\u00e7\u00e3o, o Banco Central usa como principal instrumento a taxa b\u00e1sica de juros. Quando o Copom reduz a Selic, a tend\u00eancia \u00e9 que o cr\u00e9dito fique mais barato, com incentivo \u00e0 produ\u00e7\u00e3o e ao consumo, reduzindo o controle da infla\u00e7\u00e3o e estimulando a atividade econ\u00f4mica.<\/p>\n\n\n\n<p>Quando o Comit\u00ea de Pol\u00edtica Monet\u00e1ria (Copom) aumenta a Selic, a finalidade \u00e9 conter a demanda aquecida, e isso causa reflexos nos pre\u00e7os porque os juros mais altos encarecem o cr\u00e9dito e estimulam a poupan\u00e7a.<\/p>\n\n\n\n<h2 class=\"wp-block-heading\">D\u00f3lar<\/h2>\n\n\n\n<p>A previs\u00e3o para a cota\u00e7\u00e3o do d\u00f3lar ao fim deste ano permanece em R$ 3,75 e, para 2020, em R$ 3,80.<\/p>\n","protected":false},"excerpt":{"rendered":"<p>O mercado financeiro continua reduzindo a proje\u00e7\u00e3o para a taxa b\u00e1sica de juros, a Selic, ao final deste ano. Segundo o boletim Focus, pesquisa divulgada&hellip; <\/p>\n","protected":false},"author":1,"featured_media":109842,"comment_status":"closed","ping_status":"closed","sticky":false,"template":"","format":"standard","meta":{"sfsi_plus_gutenberg_text_before_share":"","sfsi_plus_gutenberg_show_text_before_share":"","sfsi_plus_gutenberg_icon_type":"","sfsi_plus_gutenberg_icon_alignemt":"","sfsi_plus_gutenburg_max_per_row":"","footnotes":""},"categories":[2],"tags":[],"class_list":["post-109841","post","type-post","status-publish","format-standard","has-post-thumbnail","hentry","category-geral"],"_links":{"self":[{"href":"https:\/\/www.caririemacao.com\/1\/wp-json\/wp\/v2\/posts\/109841","targetHints":{"allow":["GET"]}}],"collection":[{"href":"https:\/\/www.caririemacao.com\/1\/wp-json\/wp\/v2\/posts"}],"about":[{"href":"https:\/\/www.caririemacao.com\/1\/wp-json\/wp\/v2\/types\/post"}],"author":[{"embeddable":true,"href":"https:\/\/www.caririemacao.com\/1\/wp-json\/wp\/v2\/users\/1"}],"replies":[{"embeddable":true,"href":"https:\/\/www.caririemacao.com\/1\/wp-json\/wp\/v2\/comments?post=109841"}],"version-history":[{"count":1,"href":"https:\/\/www.caririemacao.com\/1\/wp-json\/wp\/v2\/posts\/109841\/revisions"}],"predecessor-version":[{"id":109843,"href":"https:\/\/www.caririemacao.com\/1\/wp-json\/wp\/v2\/posts\/109841\/revisions\/109843"}],"wp:featuredmedia":[{"embeddable":true,"href":"https:\/\/www.caririemacao.com\/1\/wp-json\/wp\/v2\/media\/109842"}],"wp:attachment":[{"href":"https:\/\/www.caririemacao.com\/1\/wp-json\/wp\/v2\/media?parent=109841"}],"wp:term":[{"taxonomy":"category","embeddable":true,"href":"https:\/\/www.caririemacao.com\/1\/wp-json\/wp\/v2\/categories?post=109841"},{"taxonomy":"post_tag","embeddable":true,"href":"https:\/\/www.caririemacao.com\/1\/wp-json\/wp\/v2\/tags?post=109841"}],"curies":[{"name":"wp","href":"https:\/\/api.w.org\/{rel}","templated":true}]}}