{"id":109860,"date":"2019-08-12T10:55:12","date_gmt":"2019-08-12T13:55:12","guid":{"rendered":"http:\/\/www.caririemacao.com\/1\/?p=109860"},"modified":"2019-08-12T10:55:12","modified_gmt":"2019-08-12T13:55:12","slug":"quanto-mais-calado-bolsonaro-ficar-melhor-para-a-reforma-diz-relator","status":"publish","type":"post","link":"https:\/\/www.caririemacao.com\/1\/2019\/08\/12\/quanto-mais-calado-bolsonaro-ficar-melhor-para-a-reforma-diz-relator\/","title":{"rendered":"\u2018Quanto mais calado Bolsonaro ficar, melhor para a reforma\u2019, diz relator"},"content":{"rendered":"\n<p>Na semana em que o Senado iniciar\u00e1 a tramita\u00e7\u00e3o da reforma da Previd\u00eancia, o relator da proposta na Casa, Tasso Jereissati (PSDB-CE), expressou preocupa\u00e7\u00e3o com a\u00e7\u00f5es e declara\u00e7\u00f5es do presidente Jair Bolsonaro que possam influenciar negativamente na aprova\u00e7\u00e3o do texto. \u201cAcho que a postura que ele [Bolsonaro] deve ter \u00e9 quanto mais calado, melhor, que a\u00ed as coisas fluem com mais tranquilidade, sem criar nenhum ponto de atrito\u201d, disse o senador, em entrevista ao jornal Folha de S. Paulo.<\/p>\n\n\n\n<p>\u201cAquelas declara\u00e7\u00f5es, algumas iniciativas, ele pode suspender, por enquanto, para n\u00e3o contaminar o ambiente. Por exemplo, a indica\u00e7\u00e3o do filho [Eduardo Bolsonaro] como embaixador. O Senado \u00e9 que vai respaldar ou n\u00e3o uma poss\u00edvel indica\u00e7\u00e3o para embaixador nos Estados Unidos. Qualquer coisa que venha contaminar o ambiente n\u00e3o \u00e9 bom que venha do Poder Executivo\u201d, acrescentou Jereissati.<\/p>\n\n\n\n<p>O senador tucano considera que a rela\u00e7\u00e3o de Bolsonaro com o Congresso \u00e9 \u201chorrorosa\u201d e tem piorado.<\/p>\n\n\n\n<p>\u201cH\u00e1 coisas horrorosas com as quais a gente se acostuma e acaba n\u00e3o ficando t\u00e3o espantado. Continuou horrorosa, mas a gente est\u00e1 se acostumando com esse comportamento um pouco exc\u00eantrico [de Bolsonaro]. Recentemente ele disse que, se o Congresso n\u00e3o aprovar o filho [Eduardo] para ser embaixador nos EUA, ele o colocar\u00e1 como chanceler e que vai querer ver quem tirar\u00e1 ele de l\u00e1. Isso \u00e9 de uma hostilidade, de uma falta de respeito com o Congresso gigantesca. Mas a repercuss\u00e3o foi j\u00e1 muito melhor, porque estamos nos conscientizando de que vamos ter de conviver com isso nos pr\u00f3ximos tr\u00eas anos\u201d, exp\u00f4s o senador.<\/p>\n\n\n\n<p>Embora critique a rela\u00e7\u00e3o com o governo, Jereissati condena a ideia de abrir um processo de impeachment contra o presidente: \u201cVamos ter que conviver com ele. O pa\u00eds n\u00e3o aguenta mais um terceiro impeachment. Votei pelo impeachment de Dilma, mas tenho que reconhecer que n\u00f3s ainda estamos pagando um pre\u00e7o por isso\u201d<\/p>\n","protected":false},"excerpt":{"rendered":"<p>Na semana em que o Senado iniciar\u00e1 a tramita\u00e7\u00e3o da reforma da Previd\u00eancia, o relator da proposta na Casa, Tasso Jereissati (PSDB-CE), expressou preocupa\u00e7\u00e3o com&hellip; <\/p>\n","protected":false},"author":1,"featured_media":109861,"comment_status":"closed","ping_status":"closed","sticky":false,"template":"","format":"standard","meta":{"sfsi_plus_gutenberg_text_before_share":"","sfsi_plus_gutenberg_show_text_before_share":"","sfsi_plus_gutenberg_icon_type":"","sfsi_plus_gutenberg_icon_alignemt":"","sfsi_plus_gutenburg_max_per_row":"","footnotes":""},"categories":[11],"tags":[],"class_list":["post-109860","post","type-post","status-publish","format-standard","has-post-thumbnail","hentry","category-politica"],"_links":{"self":[{"href":"https:\/\/www.caririemacao.com\/1\/wp-json\/wp\/v2\/posts\/109860","targetHints":{"allow":["GET"]}}],"collection":[{"href":"https:\/\/www.caririemacao.com\/1\/wp-json\/wp\/v2\/posts"}],"about":[{"href":"https:\/\/www.caririemacao.com\/1\/wp-json\/wp\/v2\/types\/post"}],"author":[{"embeddable":true,"href":"https:\/\/www.caririemacao.com\/1\/wp-json\/wp\/v2\/users\/1"}],"replies":[{"embeddable":true,"href":"https:\/\/www.caririemacao.com\/1\/wp-json\/wp\/v2\/comments?post=109860"}],"version-history":[{"count":1,"href":"https:\/\/www.caririemacao.com\/1\/wp-json\/wp\/v2\/posts\/109860\/revisions"}],"predecessor-version":[{"id":109862,"href":"https:\/\/www.caririemacao.com\/1\/wp-json\/wp\/v2\/posts\/109860\/revisions\/109862"}],"wp:featuredmedia":[{"embeddable":true,"href":"https:\/\/www.caririemacao.com\/1\/wp-json\/wp\/v2\/media\/109861"}],"wp:attachment":[{"href":"https:\/\/www.caririemacao.com\/1\/wp-json\/wp\/v2\/media?parent=109860"}],"wp:term":[{"taxonomy":"category","embeddable":true,"href":"https:\/\/www.caririemacao.com\/1\/wp-json\/wp\/v2\/categories?post=109860"},{"taxonomy":"post_tag","embeddable":true,"href":"https:\/\/www.caririemacao.com\/1\/wp-json\/wp\/v2\/tags?post=109860"}],"curies":[{"name":"wp","href":"https:\/\/api.w.org\/{rel}","templated":true}]}}