{"id":109866,"date":"2019-08-12T10:57:37","date_gmt":"2019-08-12T13:57:37","guid":{"rendered":"http:\/\/www.caririemacao.com\/1\/?p=109866"},"modified":"2019-08-12T10:57:37","modified_gmt":"2019-08-12T13:57:37","slug":"previa-do-pib-do-banco-central-recua-013-no-2o-trimestre-e-indica-inicio-de-recessao-tecnica","status":"publish","type":"post","link":"https:\/\/www.caririemacao.com\/1\/2019\/08\/12\/previa-do-pib-do-banco-central-recua-013-no-2o-trimestre-e-indica-inicio-de-recessao-tecnica\/","title":{"rendered":"&#8216;Pr\u00e9via&#8217; do PIB do Banco Central recua 0,13% no 2\u00ba trimestre e indica in\u00edcio de &#8216;recess\u00e3o t\u00e9cnica&#8217;"},"content":{"rendered":"\n<p>economia brasileira registrou retra\u00e7\u00e3o de 0,13% no segundo trimestre de 2019, segundo o \u00cdndice de Atividade Econ\u00f4mica (IBC-Br), uma esp\u00e9cie de &#8220;pr\u00e9via&#8221; do Produto Interno Bruto (PIB), divulgado pelo Banco Central (BC) nesta segunda-feira (12).<\/p>\n\n\n\n<p>O recuo de 0,13% entre abril e junho deste ano foi verificado na compara\u00e7\u00e3o com o primeiro trimestre de 2019. O n\u00famero foi calculado ap\u00f3s ajuste sazonal, uma &#8220;compensa\u00e7\u00e3o&#8221; para comparar per\u00edodos diferentes de um ano.<\/p>\n\n\n\n<p>Como o n\u00edvel de atividade j\u00e1 havia recuado 0,2% nos tr\u00eas primeiros meses deste ano, contra o \u00faltimo trimestre do ano passado, a economia brasileira pode ter entrado em uma &#8220;recess\u00e3o t\u00e9cnica&#8221; \u2013 que se caracteriza por dois trimestres seguidos de tombo do PIB.<\/p>\n\n\n\n<p>Segundo explica\u00e7\u00f5es do Instituto Brasileiro de Geografia e Estat\u00edstica (IBGE), na recess\u00e3o t\u00e9cnica \u00e9 considerada a possibilidade de recupera\u00e7\u00e3o no curto prazo. \u00c9 diferente da recess\u00e3o de fato, quando a situa\u00e7\u00e3o do pa\u00eds est\u00e1 se deteriorando significativamente, e h\u00e1 alta do desemprego e dos \u00edndices de fal\u00eancia, queda da produ\u00e7\u00e3o e do consumo.<\/p>\n\n\n\n<p>O Produto Interno Bruto (PIB) \u00e9 a soma de todos os bens e servi\u00e7os produzidos no pa\u00eds e serve para medir a evolu\u00e7\u00e3o da economia. O IBC-BR do Banco Central, por\u00e9m, \u00e9 somente um indicador criado para tentar antecipar o resultado do PIB \u2013 que \u00e9 calculado pelo IBGE. Os n\u00fameros oficiais do PIB do primeiro trimestre ser\u00e3o divulgados em 29 de agosto.<\/p>\n\n\n\n<p>Quando a compara\u00e7\u00e3o \u00e9 feita com o resultado do segundo trimestre de 2018, por\u00e9m, o IBC-Br do primeiro trimestre de 2019 indica alta de 0,85% (sem ajuste sazonal). Em 12 meses at\u00e9 junho deste ano, tamb\u00e9m sem ajuste sazonal, os n\u00fameros do BC indicam uma expans\u00e3o de 1,08%.<\/p>\n\n\n\n<p>O fraco resultado do segundo trimestre deste ano j\u00e1 era esperado por economistas. Isso porque os componentes do PIB j\u00e1 haviam indicado atividade em baixa no per\u00edodo. O setor de servi\u00e7os, por exemplo, registrou queda de 0,6% no segundo trimestre, enquanto a produ\u00e7\u00e3o industrial teve queda de 0,7% e as vendas do com\u00e9rcio ca\u00edram 0,3%.<\/p>\n\n\n\n<p>Apesar da retra\u00e7\u00e3o do PIB nos tr\u00eas primeiros meses deste ano, e do poss\u00edvel tombo tamb\u00e9m no per\u00edodo de abril a junho, os economistas do mercado financeiro, o Banco Central e o Minist\u00e9rio da Economia projetam crescimento da economia em todo este ano. A previs\u00e3o de \u00e9 alta do PIB de cerca de 0,8% no ano de 2019.<\/p>\n\n\n\n<p><strong>Relat\u00f3rio Focus<\/strong><\/p>\n\n\n\n<p>O Banco Central tamb\u00e9m divulgou nesta segunda-feira (12) o Relat\u00f3rio Focus com previs\u00f5es para crescimento da economia, infla\u00e7\u00f5es, taxa de juros, entre outros indicadores. O relat\u00f3rio \u00e9 resultado de levantamento feito na semana passada com mais de 100 institui\u00e7\u00f5es financeiras.<\/p>\n\n\n\n<p>Segundo o relat\u00f3rio, os analistas do mercado financeiro voltaram a reduzir a previs\u00e3o de crescimento da economia em 2019 \u2013 passou de 0,82% para 0,81%.<\/p>\n\n\n\n<p>Os analistas ouvidos pelo BC tamb\u00e9m reduziram a previs\u00e3o de infla\u00e7\u00e3o de 3,80% para 3,76%.<\/p>\n\n\n\n<p><strong>FGTS e reforma da Previd\u00eancia<\/strong><\/p>\n\n\n\n<p>Ap\u00f3s o tombo do PIB no primeiro trimestre deste ano, a \u00e1rea econ\u00f4mica do governo Bolsonaro come\u00e7ou a se movimentar para estimular a economia e, mais recentemente, anunciou a libera\u00e7\u00e3o de R$ 42 bilh\u00f5es das contas do PIS e do Fundo de Garantia por Tempo de Servi\u00e7o (FGTS), com efeito em 2019 e 2020.<\/p>\n\n\n\n<p>Se todos recursos forem sacados, o impacto sobre o PIB este ano seria de 0,26 ponto percentual e de 0,59 ponto percentual no ano que vem, estimou o Instituto Fiscal Independente (IFI), \u00f3rg\u00e3o vinculado ao Senado. Ou seja, a libera\u00e7\u00e3o do dinheiro acrescentaria, nos dois anos, crescimento de 0,85 ponto percentual no PIB.<\/p>\n\n\n\n<p>Al\u00e9m disso, analistas acreditam que a aprova\u00e7\u00e3o da reforma da Previd\u00eancia, em primeiro turno pela C\u00e2mara dos Deputados, tamb\u00e9m vai contribuir para impulsionar o crescimento da economia nos pr\u00f3ximos meses. A l\u00f3gica \u00e9 que os investidores se sentir\u00e3o mais seguros em investir e gerar empregos em um pa\u00eds com as contas mais arrumadas.<\/p>\n\n\n\n<p><strong>IBC-BR X PIB<\/strong><\/p>\n\n\n\n<p>O IBC-Br foi criado para tentar antecipar o resultado do PIB, que \u00e9 divulgado pelo IBGE. Os resultados do IBC-Br, por\u00e9m, nem sempre mostraram proximidade com os dados oficiais do PIB.<\/p>\n\n\n\n<p>O c\u00e1lculo dos dois \u00e9 um pouco diferente \u2013 o \u00edndice do BC incorpora estimativas para a agropecu\u00e1ria, a ind\u00fastria e o setor de servi\u00e7os, al\u00e9m dos impostos.<\/p>\n\n\n\n<p>O IBC-Br \u00e9 uma das ferramentas usadas pelo BC para definir a taxa b\u00e1sica de juros do pa\u00eds. Com o menor crescimento da economia, por exemplo, teoricamente haveria menos press\u00e3o inflacion\u00e1ria.<\/p>\n\n\n\n<p>Atualmente, a taxa Selic est\u00e1 em 6% ao ano, na m\u00ednima hist\u00f3rica, e a estimativa do mercado \u00e9 de que recue para 5% ao ano at\u00e9 o final de 2019.<\/p>\n","protected":false},"excerpt":{"rendered":"<p>economia brasileira registrou retra\u00e7\u00e3o de 0,13% no segundo trimestre de 2019, segundo o \u00cdndice de Atividade Econ\u00f4mica (IBC-Br), uma esp\u00e9cie de &#8220;pr\u00e9via&#8221; do Produto Interno&hellip; <\/p>\n","protected":false},"author":1,"featured_media":109867,"comment_status":"closed","ping_status":"closed","sticky":false,"template":"","format":"standard","meta":{"sfsi_plus_gutenberg_text_before_share":"","sfsi_plus_gutenberg_show_text_before_share":"","sfsi_plus_gutenberg_icon_type":"","sfsi_plus_gutenberg_icon_alignemt":"","sfsi_plus_gutenburg_max_per_row":"","footnotes":""},"categories":[2],"tags":[],"class_list":["post-109866","post","type-post","status-publish","format-standard","has-post-thumbnail","hentry","category-geral"],"_links":{"self":[{"href":"https:\/\/www.caririemacao.com\/1\/wp-json\/wp\/v2\/posts\/109866","targetHints":{"allow":["GET"]}}],"collection":[{"href":"https:\/\/www.caririemacao.com\/1\/wp-json\/wp\/v2\/posts"}],"about":[{"href":"https:\/\/www.caririemacao.com\/1\/wp-json\/wp\/v2\/types\/post"}],"author":[{"embeddable":true,"href":"https:\/\/www.caririemacao.com\/1\/wp-json\/wp\/v2\/users\/1"}],"replies":[{"embeddable":true,"href":"https:\/\/www.caririemacao.com\/1\/wp-json\/wp\/v2\/comments?post=109866"}],"version-history":[{"count":1,"href":"https:\/\/www.caririemacao.com\/1\/wp-json\/wp\/v2\/posts\/109866\/revisions"}],"predecessor-version":[{"id":109868,"href":"https:\/\/www.caririemacao.com\/1\/wp-json\/wp\/v2\/posts\/109866\/revisions\/109868"}],"wp:featuredmedia":[{"embeddable":true,"href":"https:\/\/www.caririemacao.com\/1\/wp-json\/wp\/v2\/media\/109867"}],"wp:attachment":[{"href":"https:\/\/www.caririemacao.com\/1\/wp-json\/wp\/v2\/media?parent=109866"}],"wp:term":[{"taxonomy":"category","embeddable":true,"href":"https:\/\/www.caririemacao.com\/1\/wp-json\/wp\/v2\/categories?post=109866"},{"taxonomy":"post_tag","embeddable":true,"href":"https:\/\/www.caririemacao.com\/1\/wp-json\/wp\/v2\/tags?post=109866"}],"curies":[{"name":"wp","href":"https:\/\/api.w.org\/{rel}","templated":true}]}}