{"id":109873,"date":"2019-08-12T11:01:10","date_gmt":"2019-08-12T14:01:10","guid":{"rendered":"http:\/\/www.caririemacao.com\/1\/?p=109873"},"modified":"2019-08-12T11:01:10","modified_gmt":"2019-08-12T14:01:10","slug":"fuvest-abre-nesta-segunda-feira-as-inscricoes-para-o-vestibular-2020","status":"publish","type":"post","link":"https:\/\/www.caririemacao.com\/1\/2019\/08\/12\/fuvest-abre-nesta-segunda-feira-as-inscricoes-para-o-vestibular-2020\/","title":{"rendered":"Fuvest abre nesta segunda-feira as inscri\u00e7\u00f5es para o vestibular 2020"},"content":{"rendered":"\n<p>A Fuvest vai abrir nesta segunda-feira (12) as inscri\u00e7\u00f5es para o vestibular 2020 que vai selecionar os candidatos para os cursos de gradua\u00e7\u00e3o da Universidade de S\u00e3o Paulo (USP). As inscri\u00e7\u00f5es ser\u00e3o abertas a partir das 12h desta segunda e ser\u00e3o encerradas no dia 20 de setembro, tamb\u00e9m \u00e0s 12h e dever\u00e3o ser feitas no&nbsp;<a href=\"https:\/\/www.fuvest.br\/\">site da Fuvest<\/a>.<\/p>\n\n\n\n<p>Ao todo ser\u00e3o disponibilizadas 8.317 vagas, sendo 5.424 pela ampla concorr\u00eancia, 1.857 para alunos de escola p\u00fablica, e 1.036 para candidatos pretos, pardos e ind\u00edgenas (PPI) de escola p\u00fablica.<\/p>\n\n\n\n<p>A primeira fase do vestibular ocorrer\u00e1 no dia 24 de novembro e a segunda fase ser\u00e1 nos dias 5 e 6 de janeiro de 2020. Assim como no ano passado, a segunda fase ter\u00e1 dois dias de provas, e n\u00e3o mais tr\u00eas, como era antigamente (veja o Manual do Candidato).<\/p>\n\n\n\n<p>A taxa de inscri\u00e7\u00e3o custar\u00e1 R$ 182. O boleto dever\u00e1 ser gerado at\u00e9 dia 20 de setembro e o pagamento at\u00e9 no m\u00e1ximo dia 24 de setembro. N\u00e3o haver\u00e1 devolu\u00e7\u00e3o do dinheiro para quem n\u00e3o comparecer \u00e0 prova.<\/p>\n\n\n\n<p>Ao preencher o formul\u00e1rio de inscri\u00e7\u00e3o \u00e9 necess\u00e1rio informar o CPF, o n\u00famero do documento de identidade (RG) e anexar uma foto, cuja imagem deve ter fundo sem detalhes, destacando o rosto do candidato e sem acess\u00f3rios. Essa imagem ser\u00e1 comparada com a foto coletada nos dias de provas para reconhecimento facial.<\/p>\n\n\n\n<p>Os candidatos com defici\u00eancia precisam informar as necessidades de adapta\u00e7\u00e3o da prova no momento da inscri\u00e7\u00e3o. Eles tamb\u00e9m dever\u00e3o anexar a documenta\u00e7\u00e3o emitida por m\u00e9dico em formato digital at\u00e9 o dia 20 de setembro, quando terminam as inscri\u00e7\u00f5es.<\/p>\n\n\n\n<p>Ser\u00e3o reservadas 45% das vagas (5% a mais do que no ano passado) de cada curso para alunos que fizeram todo o ensino m\u00e9dio em escola p\u00fablica. Tamb\u00e9m haver\u00e1 sele\u00e7\u00e3o de vagas por meio do Sisu.<\/p>\n\n\n\n<ul class=\"wp-block-list\"><li>Data: 24 de novembro<\/li><li>Abertura dos port\u00f5es: 12h30<\/li><li>Fechamento dos port\u00f5es: 13h<\/li><li>Dura\u00e7\u00e3o: 5h<\/li><li>Sa\u00edda liberada a partir das: 17h<\/li><li>Conte\u00fado: 90 quest\u00f5es de m\u00faltipla escolha, algumas interdisciplinares, de Biologia, F\u00edsica, Geografia, Hist\u00f3ria, Ingl\u00eas, Matem\u00e1tica, Portugu\u00eas e Qu\u00edmica.<\/li><\/ul>\n\n\n\n<p><strong>Segunda fase<\/strong><\/p>\n\n\n\n<ul class=\"wp-block-list\"><li>Datas: 5 e 6 de janeiro<\/li><li>Abertura dos port\u00f5es: 12h30<\/li><li>Fechamento dos port\u00f5es: 13h<\/li><li>Dura\u00e7\u00e3o: 4h por dia<\/li><li>Sa\u00edda liberada a partir das: 16h<\/li><li>Conte\u00fado: 5\/1- portugu\u00eas (10 quest\u00f5es) e reda\u00e7\u00e3o; 6\/1 &#8211; 12 quest\u00f5es de duas, tr\u00eas ou quatro disciplinas, de acordo com a carreira escolhida.<\/li><li>Para algumas carreiras, h\u00e1 prova de Habilidades Espec\u00edficas de car\u00e1ter eliminat\u00f3rio e classificat\u00f3rio.<\/li><\/ul>\n\n\n\n<p><strong>Livros (leitura obrigat\u00f3ria)<\/strong><\/p>\n\n\n\n<ul class=\"wp-block-list\"><li>Poemas Escolhidos \u2013 Greg\u00f3rio de Matos;<\/li><li>Quincas Borba \u2013 Machado de Assis;<\/li><li>O corti\u00e7o \u2013 Alu\u00edsio Azevedo;<\/li><li>A rel\u00edquia \u2013 E\u00e7a de Queir\u00f3s;<\/li><li>Minha vida de menina \u2013 Helena Morley;<\/li><li>Ang\u00fastia \u2013 Graciliano Ramos;<\/li><li>Claro enigma \u2013 Carlos Drummond de Andrade;<\/li><li>Sagarana \u2013 Jo\u00e3o Guimar\u00e3es Rosa;<\/li><li>Mayombe \u2013 Pepetela.<\/li><\/ul>\n\n\n\n<p>Cidades onde ocorrer\u00e3o as provas<\/p>\n\n\n\n<p>Regi\u00e3o Metropolitana: S\u00e3o Paulo, Barueri, Carapicu\u00edba, Guarulhos, Mogi das Cruzes, Osasco, Santo Andr\u00e9, S\u00e3o Bernardo do Campo, S\u00e3o Caetano do Sul e Tabo\u00e3o da Serra.<br><br><\/p>\n\n\n\n<p>Interior: Ara\u00e7atuba*, Barretos*, Botucatu*, Bauru, Campinas, Fernand\u00f3polis*, Franca, Itapeva*, Ja\u00fa*, Jundia\u00ed, Limeira, Lorena, Mar\u00edlia*, Piracicaba, Pirassununga, Presidente Prudente, Registro*, Ribeir\u00e3o Preto, Santos, S\u00e3o Carlos, S\u00e3o Jos\u00e9 do Rio Preto, S\u00e3o Jos\u00e9 dos Campos, Sorocaba, Tatu\u00ed** e Taubat\u00e9*.<\/p>\n\n\n\n<p>*Nessas cidades, haver\u00e1 somente a aplica\u00e7\u00e3o da prova da 1\u00aa fase. Na 2\u00aa fase, os candidatos inscritos nessas cidades e que forem convocados ser\u00e3o realocados como segue: de Ara\u00e7atuba e de Fernand\u00f3polis para S\u00e3o Jos\u00e9 do Rio Preto; de Barretos para Ribeir\u00e3o Preto; de Registro e de Itapeva para Sorocaba; de Ja\u00fa, de Mar\u00edlia e de Botucatu para Bauru; de Taubat\u00e9 para S\u00e3o Jos\u00e9 dos Campos.<\/p>\n\n\n\n<ul class=\"wp-block-list\"><li>Convoca\u00e7\u00e3o para a segunda fase: 9 de dezembro<\/li><li>1\u00aa chamada aprovados: 24 de janeiro<\/li><li>Resultado dos treineiros: 6 de fevereiro<\/li><li>2\u00aa chamada de aprovados: 31 de janeiro<\/li><li>3\u00aa chamada de aprovados: 7 de fevereiro<\/li><\/ul>\n","protected":false},"excerpt":{"rendered":"<p>A Fuvest vai abrir nesta segunda-feira (12) as inscri\u00e7\u00f5es para o vestibular 2020 que vai selecionar os candidatos para os cursos de gradua\u00e7\u00e3o da Universidade&hellip; <\/p>\n","protected":false},"author":1,"featured_media":6260,"comment_status":"closed","ping_status":"closed","sticky":false,"template":"","format":"standard","meta":{"sfsi_plus_gutenberg_text_before_share":"","sfsi_plus_gutenberg_show_text_before_share":"","sfsi_plus_gutenberg_icon_type":"","sfsi_plus_gutenberg_icon_alignemt":"","sfsi_plus_gutenburg_max_per_row":"","footnotes":""},"categories":[2],"tags":[],"class_list":["post-109873","post","type-post","status-publish","format-standard","has-post-thumbnail","hentry","category-geral"],"_links":{"self":[{"href":"https:\/\/www.caririemacao.com\/1\/wp-json\/wp\/v2\/posts\/109873","targetHints":{"allow":["GET"]}}],"collection":[{"href":"https:\/\/www.caririemacao.com\/1\/wp-json\/wp\/v2\/posts"}],"about":[{"href":"https:\/\/www.caririemacao.com\/1\/wp-json\/wp\/v2\/types\/post"}],"author":[{"embeddable":true,"href":"https:\/\/www.caririemacao.com\/1\/wp-json\/wp\/v2\/users\/1"}],"replies":[{"embeddable":true,"href":"https:\/\/www.caririemacao.com\/1\/wp-json\/wp\/v2\/comments?post=109873"}],"version-history":[{"count":1,"href":"https:\/\/www.caririemacao.com\/1\/wp-json\/wp\/v2\/posts\/109873\/revisions"}],"predecessor-version":[{"id":109874,"href":"https:\/\/www.caririemacao.com\/1\/wp-json\/wp\/v2\/posts\/109873\/revisions\/109874"}],"wp:featuredmedia":[{"embeddable":true,"href":"https:\/\/www.caririemacao.com\/1\/wp-json\/wp\/v2\/media\/6260"}],"wp:attachment":[{"href":"https:\/\/www.caririemacao.com\/1\/wp-json\/wp\/v2\/media?parent=109873"}],"wp:term":[{"taxonomy":"category","embeddable":true,"href":"https:\/\/www.caririemacao.com\/1\/wp-json\/wp\/v2\/categories?post=109873"},{"taxonomy":"post_tag","embeddable":true,"href":"https:\/\/www.caririemacao.com\/1\/wp-json\/wp\/v2\/tags?post=109873"}],"curies":[{"name":"wp","href":"https:\/\/api.w.org\/{rel}","templated":true}]}}