{"id":109885,"date":"2019-08-12T11:05:56","date_gmt":"2019-08-12T14:05:56","guid":{"rendered":"http:\/\/www.caririemacao.com\/1\/?p=109885"},"modified":"2019-08-12T11:05:56","modified_gmt":"2019-08-12T14:05:56","slug":"previsao-do-tempo-para-esta-segunda-feira-em-toda-paraiba-19","status":"publish","type":"post","link":"https:\/\/www.caririemacao.com\/1\/2019\/08\/12\/previsao-do-tempo-para-esta-segunda-feira-em-toda-paraiba-19\/","title":{"rendered":"Previs\u00e3o do tempo para esta segunda-feira em toda Para\u00edba"},"content":{"rendered":"\n<p>Mant\u00e9m-se as condi\u00e7\u00f5es meteorol\u00f3gicas de reduzida nebulosidade sobre grande parte do estado da Para\u00edba. No decorrer do dia, poder\u00e3o ser registradas apenas chuvas fracas e pontuais na faixa litor\u00e2nea, enquanto que nas demais \u00e1reas, o c\u00e9u dever\u00e1 variar entre parcialmente nublado e claro.<\/p>\n\n\n\n<div class=\"wp-block-image\"><figure class=\"aligncenter\"><img decoding=\"async\" data-src=\"https:\/\/paraibaonline.com.br\/wp-content\/uploads\/2019\/08\/tempo1208.jpg\" alt=\"\" class=\"wp-image-757599 lazyload\" src=\"data:image\/svg+xml;base64,PHN2ZyB3aWR0aD0iMSIgaGVpZ2h0PSIxIiB4bWxucz0iaHR0cDovL3d3dy53My5vcmcvMjAwMC9zdmciPjwvc3ZnPg==\" \/><\/figure><\/div>\n\n\n\n<p>*Fonte: Aesa<\/p>\n","protected":false},"excerpt":{"rendered":"<p>Mant\u00e9m-se as condi\u00e7\u00f5es meteorol\u00f3gicas de reduzida nebulosidade sobre grande parte do estado da Para\u00edba. No decorrer do dia, poder\u00e3o ser registradas apenas chuvas fracas e&hellip; <\/p>\n","protected":false},"author":1,"featured_media":60945,"comment_status":"closed","ping_status":"closed","sticky":false,"template":"","format":"standard","meta":{"sfsi_plus_gutenberg_text_before_share":"","sfsi_plus_gutenberg_show_text_before_share":"","sfsi_plus_gutenberg_icon_type":"","sfsi_plus_gutenberg_icon_alignemt":"","sfsi_plus_gutenburg_max_per_row":"","footnotes":""},"categories":[6],"tags":[],"class_list":["post-109885","post","type-post","status-publish","format-standard","has-post-thumbnail","hentry","category-cidades"],"_links":{"self":[{"href":"https:\/\/www.caririemacao.com\/1\/wp-json\/wp\/v2\/posts\/109885","targetHints":{"allow":["GET"]}}],"collection":[{"href":"https:\/\/www.caririemacao.com\/1\/wp-json\/wp\/v2\/posts"}],"about":[{"href":"https:\/\/www.caririemacao.com\/1\/wp-json\/wp\/v2\/types\/post"}],"author":[{"embeddable":true,"href":"https:\/\/www.caririemacao.com\/1\/wp-json\/wp\/v2\/users\/1"}],"replies":[{"embeddable":true,"href":"https:\/\/www.caririemacao.com\/1\/wp-json\/wp\/v2\/comments?post=109885"}],"version-history":[{"count":1,"href":"https:\/\/www.caririemacao.com\/1\/wp-json\/wp\/v2\/posts\/109885\/revisions"}],"predecessor-version":[{"id":109886,"href":"https:\/\/www.caririemacao.com\/1\/wp-json\/wp\/v2\/posts\/109885\/revisions\/109886"}],"wp:featuredmedia":[{"embeddable":true,"href":"https:\/\/www.caririemacao.com\/1\/wp-json\/wp\/v2\/media\/60945"}],"wp:attachment":[{"href":"https:\/\/www.caririemacao.com\/1\/wp-json\/wp\/v2\/media?parent=109885"}],"wp:term":[{"taxonomy":"category","embeddable":true,"href":"https:\/\/www.caririemacao.com\/1\/wp-json\/wp\/v2\/categories?post=109885"},{"taxonomy":"post_tag","embeddable":true,"href":"https:\/\/www.caririemacao.com\/1\/wp-json\/wp\/v2\/tags?post=109885"}],"curies":[{"name":"wp","href":"https:\/\/api.w.org\/{rel}","templated":true}]}}