{"id":109890,"date":"2019-08-12T11:09:14","date_gmt":"2019-08-12T14:09:14","guid":{"rendered":"http:\/\/www.caririemacao.com\/1\/?p=109890"},"modified":"2019-08-12T11:09:14","modified_gmt":"2019-08-12T14:09:14","slug":"policia-prende-em-flagrante-suspeito-de-tentativa-de-homicidio-em-monteiro","status":"publish","type":"post","link":"https:\/\/www.caririemacao.com\/1\/2019\/08\/12\/policia-prende-em-flagrante-suspeito-de-tentativa-de-homicidio-em-monteiro\/","title":{"rendered":"Pol\u00edcia prende em flagrante suspeito de tentativa de homic\u00eddio em Monteiro"},"content":{"rendered":"\n<div class=\"wp-block-image\"><figure class=\"alignleft\"><img decoding=\"async\" data-src=\"https:\/\/i0.wp.com\/www.vitrinedocariri.com.br\/wp-content\/uploads\/2018\/02\/sirene1_0_3.jpg?zoom=2&amp;resize=330%2C247&amp;ssl=1\" alt=\"\" class=\"wp-image-6838 lazyload\" src=\"data:image\/svg+xml;base64,PHN2ZyB3aWR0aD0iMSIgaGVpZ2h0PSIxIiB4bWxucz0iaHR0cDovL3d3dy53My5vcmcvMjAwMC9zdmciPjwvc3ZnPg==\" \/><\/figure><\/div>\n\n\n\n<p>A Pol\u00edcia Militar agiu r\u00e1pido e prendeu um homem suspeito de atentar contra a vida de Alef Barros Silva, 21 anos, fato esse ocorrido na noite deste domingo (11), na Vila Santa Maria, em Monteiro.<\/p>\n\n\n\n<p>Conforme informa\u00e7\u00f5es, o jovem de 21 anos come\u00e7am a ser atingido com tiros de arma de fogo pr\u00f3ximo \u00e0 um campinho de futebol, e ele ainda correu, mais acabou caindo em uma esquina, onde foi socorrido pelo Samu e levado para o Hospital Regional de Monteiro.<\/p>\n\n\n\n<p>Devido a gravidade dos ferimentos, o jovem foi transferido para o Hospital de Emerg\u00eancia e Trauma de Campina Grande.<\/p>\n\n\n\n<p>O suspeito de efetuar os disparos foi identificado e preso. Ele foi encaminhado para 14\u00b0 DSPC e indiciado pela Delegada de Plant\u00e3o Dra. Laura Priscilla<\/p>\n","protected":false},"excerpt":{"rendered":"<p>A Pol\u00edcia Militar agiu r\u00e1pido e prendeu um homem suspeito de atentar contra a vida de Alef Barros Silva, 21 anos, fato esse ocorrido na&hellip; <\/p>\n","protected":false},"author":1,"featured_media":105260,"comment_status":"closed","ping_status":"closed","sticky":false,"template":"","format":"standard","meta":{"sfsi_plus_gutenberg_text_before_share":"","sfsi_plus_gutenberg_show_text_before_share":"","sfsi_plus_gutenberg_icon_type":"","sfsi_plus_gutenberg_icon_alignemt":"","sfsi_plus_gutenburg_max_per_row":"","footnotes":""},"categories":[12],"tags":[],"class_list":["post-109890","post","type-post","status-publish","format-standard","has-post-thumbnail","hentry","category-policia"],"_links":{"self":[{"href":"https:\/\/www.caririemacao.com\/1\/wp-json\/wp\/v2\/posts\/109890","targetHints":{"allow":["GET"]}}],"collection":[{"href":"https:\/\/www.caririemacao.com\/1\/wp-json\/wp\/v2\/posts"}],"about":[{"href":"https:\/\/www.caririemacao.com\/1\/wp-json\/wp\/v2\/types\/post"}],"author":[{"embeddable":true,"href":"https:\/\/www.caririemacao.com\/1\/wp-json\/wp\/v2\/users\/1"}],"replies":[{"embeddable":true,"href":"https:\/\/www.caririemacao.com\/1\/wp-json\/wp\/v2\/comments?post=109890"}],"version-history":[{"count":1,"href":"https:\/\/www.caririemacao.com\/1\/wp-json\/wp\/v2\/posts\/109890\/revisions"}],"predecessor-version":[{"id":109891,"href":"https:\/\/www.caririemacao.com\/1\/wp-json\/wp\/v2\/posts\/109890\/revisions\/109891"}],"wp:featuredmedia":[{"embeddable":true,"href":"https:\/\/www.caririemacao.com\/1\/wp-json\/wp\/v2\/media\/105260"}],"wp:attachment":[{"href":"https:\/\/www.caririemacao.com\/1\/wp-json\/wp\/v2\/media?parent=109890"}],"wp:term":[{"taxonomy":"category","embeddable":true,"href":"https:\/\/www.caririemacao.com\/1\/wp-json\/wp\/v2\/categories?post=109890"},{"taxonomy":"post_tag","embeddable":true,"href":"https:\/\/www.caririemacao.com\/1\/wp-json\/wp\/v2\/tags?post=109890"}],"curies":[{"name":"wp","href":"https:\/\/api.w.org\/{rel}","templated":true}]}}