{"id":109894,"date":"2019-08-12T11:12:18","date_gmt":"2019-08-12T14:12:18","guid":{"rendered":"http:\/\/www.caririemacao.com\/1\/?p=109894"},"modified":"2019-08-12T11:12:18","modified_gmt":"2019-08-12T14:12:18","slug":"vacina-contra-sarampo-para-bebes-sera-oferecida-em-39-cidades-de-sp","status":"publish","type":"post","link":"https:\/\/www.caririemacao.com\/1\/2019\/08\/12\/vacina-contra-sarampo-para-bebes-sera-oferecida-em-39-cidades-de-sp\/","title":{"rendered":"Vacina contra sarampo para beb\u00eas ser\u00e1 oferecida em 39 cidades de SP"},"content":{"rendered":"\n<p>Beb\u00eas com at\u00e9 um ano de idade poder\u00e3o ser vacinados contra o sarampo em 39 cidades paulistas a partir de hoje (12). Crian\u00e7as nessa faixa et\u00e1ria que viajar\u00e3o para essas cidades tamb\u00e9m devem ser vacinadas, com pelo menos 15 dias de anteced\u00eancia. Os casos entre menores de 12 meses de idade representam 13,6% dos 967 casos existentes no Estado. Pelo menos 80% do total se concentram na capital, com 778 casos.<\/p>\n\n\n\n<p>Os 39 munic\u00edpios da lista s\u00e3o:&nbsp; Atibaia, Barueri, Ca\u00e7apava, Caieiras, Campinas, S\u00e3o Paulo, Carapicu\u00edba, Diadema, Embu, Estrela D&#8217;Oeste, Fernand\u00f3polis, Francisco Morato, Guarulhos, Hortol\u00e2ndia, Indaiatuba, Itapetininga, Itaquaquecetuba, Jales, Jundia\u00ed, Mairipor\u00e3, Mau\u00e1, Mogi das Cruzes, Osasco, Peru\u00edbe, Pindamonhangaba, Praia Grande, Ribeir\u00e3o Pires, Ribeir\u00e3o Preto, Rio Grande da Serra, Santo Andr\u00e9, Santos, S\u00e3o Bernardo do Campo, S\u00e3o Caetano do Sul, S\u00e3o Jos\u00e9 do Rio Preto, S\u00e3o Jos\u00e9 dos Campos, Sorocaba, Sumar\u00e9, Tabo\u00e3o da Serra e Taubat\u00e9.<\/p>\n\n\n\n<p>De acordo com a Secretaria Estadual de Sa\u00fade, a rela\u00e7\u00e3o das cidades com indica\u00e7\u00e3o ser\u00e1 atualizada semanalmente. Se a situa\u00e7\u00e3o epidemiol\u00f3gica exigir, novos munic\u00edpios ser\u00e3o inclu\u00eddos na lista.<\/p>\n\n\n\n<p>A campanha de vacina\u00e7\u00e3o focada em jovens de 15 a 29 anos em 15 munic\u00edpios da Grande S\u00e3o Paulo, continua. Segundo os dados da Secretaria, desde 10 de junho, quando a campanha come\u00e7ou, 1,2 milh\u00e3o de pessoas nessa faixa et\u00e1ria foram imunizadas. A meta \u00e9 vacinar 4,4 milh\u00f5es at\u00e9 o dia 16 de agosto, data de encerramento da campanha.<\/p>\n\n\n\n<h2 class=\"wp-block-heading\">Prote\u00e7\u00e3o<\/h2>\n\n\n\n<p>A vacina tr\u00edplice viral protege contra sarampo, rub\u00e9ola e caxumba. A aplica\u00e7\u00e3o da chamada \u201cdose D\u201d visa proteger as crian\u00e7as e n\u00e3o ser\u00e1 contabilizada no calend\u00e1rio nacional de vacina\u00e7\u00e3o, ou seja, os pais ou respons\u00e1veis dever\u00e3o levar as crian\u00e7as aos postos para receber a tr\u00edplice viral aos 12 meses e tamb\u00e9m aos 15 meses para aplica\u00e7\u00e3o do refor\u00e7o com a tetraviral, que protege tamb\u00e9m contra varicela.<\/p>\n\n\n\n<p>Ap\u00f3s a aplica\u00e7\u00e3o da \u201cdose D\u201d, \u00e9 preciso aguardar pelo menos 30 dias para aplica\u00e7\u00e3o da tr\u00edplice aos 12 meses, como prev\u00ea o calend\u00e1rio.<\/p>\n","protected":false},"excerpt":{"rendered":"<p>Beb\u00eas com at\u00e9 um ano de idade poder\u00e3o ser vacinados contra o sarampo em 39 cidades paulistas a partir de hoje (12). Crian\u00e7as nessa faixa&hellip; <\/p>\n","protected":false},"author":1,"featured_media":9218,"comment_status":"closed","ping_status":"closed","sticky":false,"template":"","format":"standard","meta":{"sfsi_plus_gutenberg_text_before_share":"","sfsi_plus_gutenberg_show_text_before_share":"","sfsi_plus_gutenberg_icon_type":"","sfsi_plus_gutenberg_icon_alignemt":"","sfsi_plus_gutenburg_max_per_row":"","footnotes":""},"categories":[16],"tags":[],"class_list":["post-109894","post","type-post","status-publish","format-standard","has-post-thumbnail","hentry","category-saude"],"_links":{"self":[{"href":"https:\/\/www.caririemacao.com\/1\/wp-json\/wp\/v2\/posts\/109894","targetHints":{"allow":["GET"]}}],"collection":[{"href":"https:\/\/www.caririemacao.com\/1\/wp-json\/wp\/v2\/posts"}],"about":[{"href":"https:\/\/www.caririemacao.com\/1\/wp-json\/wp\/v2\/types\/post"}],"author":[{"embeddable":true,"href":"https:\/\/www.caririemacao.com\/1\/wp-json\/wp\/v2\/users\/1"}],"replies":[{"embeddable":true,"href":"https:\/\/www.caririemacao.com\/1\/wp-json\/wp\/v2\/comments?post=109894"}],"version-history":[{"count":1,"href":"https:\/\/www.caririemacao.com\/1\/wp-json\/wp\/v2\/posts\/109894\/revisions"}],"predecessor-version":[{"id":109896,"href":"https:\/\/www.caririemacao.com\/1\/wp-json\/wp\/v2\/posts\/109894\/revisions\/109896"}],"wp:featuredmedia":[{"embeddable":true,"href":"https:\/\/www.caririemacao.com\/1\/wp-json\/wp\/v2\/media\/9218"}],"wp:attachment":[{"href":"https:\/\/www.caririemacao.com\/1\/wp-json\/wp\/v2\/media?parent=109894"}],"wp:term":[{"taxonomy":"category","embeddable":true,"href":"https:\/\/www.caririemacao.com\/1\/wp-json\/wp\/v2\/categories?post=109894"},{"taxonomy":"post_tag","embeddable":true,"href":"https:\/\/www.caririemacao.com\/1\/wp-json\/wp\/v2\/tags?post=109894"}],"curies":[{"name":"wp","href":"https:\/\/api.w.org\/{rel}","templated":true}]}}