{"id":109900,"date":"2019-08-12T14:13:46","date_gmt":"2019-08-12T17:13:46","guid":{"rendered":"http:\/\/www.caririemacao.com\/1\/?p=109900"},"modified":"2019-08-12T14:13:46","modified_gmt":"2019-08-12T17:13:46","slug":"atletas-de-sao-sebastiao-do-umbuzeiro-receberam-reconhecimento-em-lancamento-de-revista-fotografica","status":"publish","type":"post","link":"https:\/\/www.caririemacao.com\/1\/2019\/08\/12\/atletas-de-sao-sebastiao-do-umbuzeiro-receberam-reconhecimento-em-lancamento-de-revista-fotografica\/","title":{"rendered":"Atletas de S\u00e3o Sebasti\u00e3o do Umbuzeiro receberam reconhecimento em Lan\u00e7amento de Revista Fotogr\u00e1fica"},"content":{"rendered":"\n<p>Foi lan\u00e7ada na noite desta sexta-feira, dia 09, com o apoio da Prefeitura Municipal, a Revista Fotogr\u00e1fica Conhecendo o Cariri: times de futebol amador. A revista traz um pouco da hist\u00f3ria dos times de futebol de S\u00e3o Sebasti\u00e3o do Umbuzeiro, pesquisa realizada pelo editor do Blog DidiMilton.<br>O evento, foi realizado na Quadra Municipal do Gin\u00e1sio Poliesportivo professor Luciano Neves, e marcou no munic\u00edpio o lan\u00e7amento da Revista Fotogr\u00e1fica.<br>Na oportunidade o prefeito Adriano Wolff, realizou uma homenagem a alguns jogadores que se destacaram e contribu\u00edram para o desenvolvimento do esporte no munic\u00edpio, Foi entregue um certificado e uma Revista, aos donos dos times e aos ex-atletas S\u00e3o-Sebastianenses.<br>O Prefeito Adriano Wolff, agradeceu a todos e falou da import\u00e2ncia da Revista Conhecendo o Cariri times de futebol amador.<br>\u201cNesse momento gostaria de agradecer a todos que contribu\u00edram e contribui para o futebol de S\u00e3o Sebasti\u00e3o do Umbuzeiro, como o esporte em geral, aqui foram homenageados v\u00e1rios atletas, a exemplo do ex-prefeito Chico Neves, que contribui e contribui at\u00e9 hoje. Gostaria de agradecer a todos, aqui presente e a voc\u00ea Fl\u00e1vio, idealizador do projeto, e a Didi, pesquisador no munic\u00edpio, agrade\u00e7o a todos e muito obrigado\u201d. Agradeceu o prefeito.<br>Voltada para um p\u00fablico que valoriza uma revista diferencia por seu conte\u00fado exclusivo elaborado diante um trabalho de pesquisa, planejamento e execu\u00e7\u00e3o das pautas que se destacam na publica\u00e7\u00e3o que, nesta edi\u00e7\u00e3o, re\u00fane mais de 230 registros fotogr\u00e1ficos, tornando-se o maior acervo sobre a tem\u00e1tica.<br>A Revista Fotogr\u00e1fica Conhecendo o Cariri \u00e9 uma realiza\u00e7\u00e3o do ativista cultural Fl\u00e1vio Alex Farias, natural de Boa Vista.<br><strong>COM BLOG DO DIDI<\/strong><\/p>\n","protected":false},"excerpt":{"rendered":"<p>Foi lan\u00e7ada na noite desta sexta-feira, dia 09, com o apoio da Prefeitura Municipal, a Revista Fotogr\u00e1fica Conhecendo o Cariri: times de futebol amador. A&hellip; <\/p>\n","protected":false},"author":1,"featured_media":109901,"comment_status":"closed","ping_status":"closed","sticky":false,"template":"","format":"standard","meta":{"sfsi_plus_gutenberg_text_before_share":"","sfsi_plus_gutenberg_show_text_before_share":"","sfsi_plus_gutenberg_icon_type":"","sfsi_plus_gutenberg_icon_alignemt":"","sfsi_plus_gutenburg_max_per_row":"","footnotes":""},"categories":[13],"tags":[],"class_list":["post-109900","post","type-post","status-publish","format-standard","has-post-thumbnail","hentry","category-esportes"],"_links":{"self":[{"href":"https:\/\/www.caririemacao.com\/1\/wp-json\/wp\/v2\/posts\/109900","targetHints":{"allow":["GET"]}}],"collection":[{"href":"https:\/\/www.caririemacao.com\/1\/wp-json\/wp\/v2\/posts"}],"about":[{"href":"https:\/\/www.caririemacao.com\/1\/wp-json\/wp\/v2\/types\/post"}],"author":[{"embeddable":true,"href":"https:\/\/www.caririemacao.com\/1\/wp-json\/wp\/v2\/users\/1"}],"replies":[{"embeddable":true,"href":"https:\/\/www.caririemacao.com\/1\/wp-json\/wp\/v2\/comments?post=109900"}],"version-history":[{"count":1,"href":"https:\/\/www.caririemacao.com\/1\/wp-json\/wp\/v2\/posts\/109900\/revisions"}],"predecessor-version":[{"id":109902,"href":"https:\/\/www.caririemacao.com\/1\/wp-json\/wp\/v2\/posts\/109900\/revisions\/109902"}],"wp:featuredmedia":[{"embeddable":true,"href":"https:\/\/www.caririemacao.com\/1\/wp-json\/wp\/v2\/media\/109901"}],"wp:attachment":[{"href":"https:\/\/www.caririemacao.com\/1\/wp-json\/wp\/v2\/media?parent=109900"}],"wp:term":[{"taxonomy":"category","embeddable":true,"href":"https:\/\/www.caririemacao.com\/1\/wp-json\/wp\/v2\/categories?post=109900"},{"taxonomy":"post_tag","embeddable":true,"href":"https:\/\/www.caririemacao.com\/1\/wp-json\/wp\/v2\/tags?post=109900"}],"curies":[{"name":"wp","href":"https:\/\/api.w.org\/{rel}","templated":true}]}}