{"id":109905,"date":"2019-08-12T14:15:21","date_gmt":"2019-08-12T17:15:21","guid":{"rendered":"http:\/\/www.caririemacao.com\/1\/?p=109905"},"modified":"2019-08-12T14:15:21","modified_gmt":"2019-08-12T17:15:21","slug":"prefeitura-de-sao-sebastiao-do-umbuzeiro-realiza-festa-em-comemoracao-ao-dia-dos-pais","status":"publish","type":"post","link":"https:\/\/www.caririemacao.com\/1\/2019\/08\/12\/prefeitura-de-sao-sebastiao-do-umbuzeiro-realiza-festa-em-comemoracao-ao-dia-dos-pais\/","title":{"rendered":"Prefeitura de S\u00e3o Sebasti\u00e3o do Umbuzeiro realiza festa em comemora\u00e7\u00e3o ao Dia dos Pais"},"content":{"rendered":"\n<p><\/p>\n\n\n\n<figure class=\"wp-block-image\"><img decoding=\"async\" data-src=\"https:\/\/lh5.googleusercontent.com\/proxy\/A8uELxVQdOLW1hyCDmYFUy9XcSt2zCeUMJ8myLRJnqdFuuVHS0v-Q114gV1MsWy7qeeMToL4UOscmhaVgdMmOFgnlP3Qde6X5dc9SL9-PNJrj_7FvdIOtQ=s0-d\" alt=\"\" src=\"data:image\/svg+xml;base64,PHN2ZyB3aWR0aD0iMSIgaGVpZ2h0PSIxIiB4bWxucz0iaHR0cDovL3d3dy53My5vcmcvMjAwMC9zdmciPjwvc3ZnPg==\" class=\"lazyload\" \/><\/figure>\n\n\n\n<p>A prefeitura municipal de S\u00e3o Sebasti\u00e3o do Umbuzeiro, atrav\u00e9s da Secretaria Municipal de Assist\u00eancia Social e Desenvolvimento Humano, realizou neste s\u00e1bado (10), uma festa para celebrar o dia dos pais.<br>A comemora\u00e7\u00e3o contou com momentos de ora\u00e7\u00e3o e reflex\u00e3o, distribui\u00e7\u00e3o de brindes, lanhes, apresenta\u00e7\u00e3o do Grupo de Dan\u00e7a do SCFV, Show com Ot\u00e1vio do Acordeon e Henrique dos Teclados, Bingo de uma moto entre outros.<br>A festa aconteceu na pra\u00e7a de eventos, Abelardo Costa Leit\u00e3o e contou com a participa\u00e7\u00e3o de v\u00e1rios pais do munic\u00edpio. O prefeito Adriano Wolff e o vice-prefeito Chico de Mariano, os secret\u00e1rios do munic\u00edpio, vereadores, o Padre Marcos Silva Souza, e servidores da Administra\u00e7\u00e3o Municipal tamb\u00e9m prestigiaram o evento.<br>O prefeito Adriano Wolff , ao fazer o pronunciamento do evento, agradeceu a presen\u00e7a de todos e disse que \u201cO momento de comemorar antecipadamente o dia dos Pais, no s\u00e1bado, \u00e9 para que no dia dos pais no domingo, as fam\u00edlias possa se confraternizar em casa. Eu tive a oportunidade de ter dois pais, mais hoje n\u00e3o estou com eles. Alias, tr\u00eas, quero saldar em nome do meu terceiro Pai, Adalcindo, a todos voc\u00eas. Aproveite bastante e curta com suas fam\u00edlias e um feliz dia dos pais aos pais que s\u00e3o m\u00e3es e as m\u00e3es que s\u00e3o pais\u201d.<br><strong>Com BLOG DO DIDI<\/strong><\/p>\n","protected":false},"excerpt":{"rendered":"<p>A prefeitura municipal de S\u00e3o Sebasti\u00e3o do Umbuzeiro, atrav\u00e9s da Secretaria Municipal de Assist\u00eancia Social e Desenvolvimento Humano, realizou neste s\u00e1bado (10), uma festa para&hellip; <\/p>\n","protected":false},"author":1,"featured_media":109906,"comment_status":"closed","ping_status":"closed","sticky":false,"template":"","format":"standard","meta":{"sfsi_plus_gutenberg_text_before_share":"","sfsi_plus_gutenberg_show_text_before_share":"","sfsi_plus_gutenberg_icon_type":"","sfsi_plus_gutenberg_icon_alignemt":"","sfsi_plus_gutenburg_max_per_row":"","footnotes":""},"categories":[2],"tags":[],"class_list":["post-109905","post","type-post","status-publish","format-standard","has-post-thumbnail","hentry","category-geral"],"_links":{"self":[{"href":"https:\/\/www.caririemacao.com\/1\/wp-json\/wp\/v2\/posts\/109905","targetHints":{"allow":["GET"]}}],"collection":[{"href":"https:\/\/www.caririemacao.com\/1\/wp-json\/wp\/v2\/posts"}],"about":[{"href":"https:\/\/www.caririemacao.com\/1\/wp-json\/wp\/v2\/types\/post"}],"author":[{"embeddable":true,"href":"https:\/\/www.caririemacao.com\/1\/wp-json\/wp\/v2\/users\/1"}],"replies":[{"embeddable":true,"href":"https:\/\/www.caririemacao.com\/1\/wp-json\/wp\/v2\/comments?post=109905"}],"version-history":[{"count":1,"href":"https:\/\/www.caririemacao.com\/1\/wp-json\/wp\/v2\/posts\/109905\/revisions"}],"predecessor-version":[{"id":109907,"href":"https:\/\/www.caririemacao.com\/1\/wp-json\/wp\/v2\/posts\/109905\/revisions\/109907"}],"wp:featuredmedia":[{"embeddable":true,"href":"https:\/\/www.caririemacao.com\/1\/wp-json\/wp\/v2\/media\/109906"}],"wp:attachment":[{"href":"https:\/\/www.caririemacao.com\/1\/wp-json\/wp\/v2\/media?parent=109905"}],"wp:term":[{"taxonomy":"category","embeddable":true,"href":"https:\/\/www.caririemacao.com\/1\/wp-json\/wp\/v2\/categories?post=109905"},{"taxonomy":"post_tag","embeddable":true,"href":"https:\/\/www.caririemacao.com\/1\/wp-json\/wp\/v2\/tags?post=109905"}],"curies":[{"name":"wp","href":"https:\/\/api.w.org\/{rel}","templated":true}]}}