{"id":109910,"date":"2019-08-12T15:12:16","date_gmt":"2019-08-12T18:12:16","guid":{"rendered":"http:\/\/www.caririemacao.com\/1\/?p=109910"},"modified":"2019-08-12T15:12:16","modified_gmt":"2019-08-12T18:12:16","slug":"prefeitura-de-zabele-realiza-comemoracoes-em-homenagem-ao-dia-dos-pais","status":"publish","type":"post","link":"https:\/\/www.caririemacao.com\/1\/2019\/08\/12\/prefeitura-de-zabele-realiza-comemoracoes-em-homenagem-ao-dia-dos-pais\/","title":{"rendered":"Prefeitura de Zabel\u00ea realiza comemora\u00e7\u00f5es em homenagem ao Dia dos Pais"},"content":{"rendered":"\n<figure class=\"wp-block-image\"><img decoding=\"async\" data-src=\"https:\/\/lh4.googleusercontent.com\/proxy\/vfd25eXl7IUpIdAJUuw7dtIuQa5J6-GUW6vNd6eiOnSqSPxLHRflkXAamu-j_EeWrFtggxzm4lxf4AgjF03tD0vXD_5gqKPmxihvbjoBtVO3HrPaylQZeZR7y2DAjxABBzeQgSu_JeW7NSJz51AnvzC41TzBlbOIc8kS9LIRmLcUUU3Mmq39eQsliSiYZVzbNe2ot9TudhEGMkblw44QY5C8y5ORwRl9deL5sjxfUoo=s0-d\" alt=\"Pol\u00c3\u00adcia prende em flagrante suspeito de tentativa de homic\u00c3\u00addio em Monteiro\" src=\"data:image\/svg+xml;base64,PHN2ZyB3aWR0aD0iMSIgaGVpZ2h0PSIxIiB4bWxucz0iaHR0cDovL3d3dy53My5vcmcvMjAwMC9zdmciPjwvc3ZnPg==\" class=\"lazyload\" \/><\/figure>\n\n\n\n<p>A Prefeitura Municipal de Zabel\u00ea e Secretaria Municipal de Educa\u00e7\u00e3o realizaram na manh\u00e3 da \u00faltima quinta-feira (08), na Escola Jos\u00e9 Henrique Neto e na tarde desta sexta-feira 09\/08 na Escola Maria Bezerra da Silva, as Comemora\u00e7\u00f5es em Homenagem ao Dia dos Pais.<br>Nesses dois momentos, foram feito Homenagens pelos alunos e pelas autoridades presentes, Sorteios de Brindes e encerramento com Lanches.<br>O Prefeito Dalyson Neves esteve presente, e aproveitou para transmitir uma mensagem para todos os Pais. \u201cSer pai n\u00e3o \u00e9 s\u00f3 gerar uma vida, \u00e9 proteger, cuidar e amar, e quero parabenizar e abra\u00e7ar todos os Pais de nosso munic\u00edpio. Feliz Dia dos Pais!\u201d, disse.<\/p>\n","protected":false},"excerpt":{"rendered":"<p>A Prefeitura Municipal de Zabel\u00ea e Secretaria Municipal de Educa\u00e7\u00e3o realizaram na manh\u00e3 da \u00faltima quinta-feira (08), na Escola Jos\u00e9 Henrique Neto e na tarde&hellip; <\/p>\n","protected":false},"author":1,"featured_media":109911,"comment_status":"closed","ping_status":"closed","sticky":false,"template":"","format":"standard","meta":{"sfsi_plus_gutenberg_text_before_share":"","sfsi_plus_gutenberg_show_text_before_share":"","sfsi_plus_gutenberg_icon_type":"","sfsi_plus_gutenberg_icon_alignemt":"","sfsi_plus_gutenburg_max_per_row":"","footnotes":""},"categories":[6],"tags":[],"class_list":["post-109910","post","type-post","status-publish","format-standard","has-post-thumbnail","hentry","category-cidades"],"_links":{"self":[{"href":"https:\/\/www.caririemacao.com\/1\/wp-json\/wp\/v2\/posts\/109910","targetHints":{"allow":["GET"]}}],"collection":[{"href":"https:\/\/www.caririemacao.com\/1\/wp-json\/wp\/v2\/posts"}],"about":[{"href":"https:\/\/www.caririemacao.com\/1\/wp-json\/wp\/v2\/types\/post"}],"author":[{"embeddable":true,"href":"https:\/\/www.caririemacao.com\/1\/wp-json\/wp\/v2\/users\/1"}],"replies":[{"embeddable":true,"href":"https:\/\/www.caririemacao.com\/1\/wp-json\/wp\/v2\/comments?post=109910"}],"version-history":[{"count":1,"href":"https:\/\/www.caririemacao.com\/1\/wp-json\/wp\/v2\/posts\/109910\/revisions"}],"predecessor-version":[{"id":109912,"href":"https:\/\/www.caririemacao.com\/1\/wp-json\/wp\/v2\/posts\/109910\/revisions\/109912"}],"wp:featuredmedia":[{"embeddable":true,"href":"https:\/\/www.caririemacao.com\/1\/wp-json\/wp\/v2\/media\/109911"}],"wp:attachment":[{"href":"https:\/\/www.caririemacao.com\/1\/wp-json\/wp\/v2\/media?parent=109910"}],"wp:term":[{"taxonomy":"category","embeddable":true,"href":"https:\/\/www.caririemacao.com\/1\/wp-json\/wp\/v2\/categories?post=109910"},{"taxonomy":"post_tag","embeddable":true,"href":"https:\/\/www.caririemacao.com\/1\/wp-json\/wp\/v2\/tags?post=109910"}],"curies":[{"name":"wp","href":"https:\/\/api.w.org\/{rel}","templated":true}]}}