{"id":109916,"date":"2019-08-12T15:16:42","date_gmt":"2019-08-12T18:16:42","guid":{"rendered":"http:\/\/www.caririemacao.com\/1\/?p=109916"},"modified":"2019-08-12T15:16:42","modified_gmt":"2019-08-12T18:16:42","slug":"empreender-pb-abre-inscricoes-para-seis-municipios-do-cariri-nesta-segunda-feira","status":"publish","type":"post","link":"https:\/\/www.caririemacao.com\/1\/2019\/08\/12\/empreender-pb-abre-inscricoes-para-seis-municipios-do-cariri-nesta-segunda-feira\/","title":{"rendered":"Empreender PB abre inscri\u00e7\u00f5es para seis munic\u00edpios do Cariri nesta segunda-feira"},"content":{"rendered":"\n<p>O Programa Empreender Para\u00edba abre, nesta segunda-feira (12), a partir das 14h, as inscri\u00e7\u00f5es para concess\u00e3o de cr\u00e9dito destinadas aos munic\u00edpios da 3\u00aa regi\u00e3o do Estado. S\u00e3o eles: Alagoa Nova,<strong>&nbsp;Alcantil<\/strong>, Algod\u00e3o de Janda\u00edra, Arara, Areial, Aroeiras,&nbsp;<strong>Assun\u00e7\u00e3o<\/strong>, Esperan\u00e7a,<strong>&nbsp;Juazeirinho<\/strong>, Lagoa Seca, Massaranduba, Montadas, Natuba, Olivedos, Pocinhos, Rem\u00edgio,&nbsp;<strong>Riacho de Santo Ant\u00f4nio<\/strong>, Santa Cec\u00edlia, S\u00e3o Sebasti\u00e3o de Lagoa de Ro\u00e7a,&nbsp;<strong>Soledade, Tapero\u00e1<\/strong>&nbsp;e Umbuzeiro.<\/p>\n\n\n\n<p>Ser\u00e3o disponibilizadas 30 vagas para cada cidade. Elas s\u00e3o destinadas aos empreendedores que desejam iniciar o seu pr\u00f3prio neg\u00f3cio ou a amplia\u00e7\u00e3o de um j\u00e1 existente. As inscri\u00e7\u00f5es ser\u00e3o feitas no site www.empreender.pb.gov.br e podem ser realizadas por pessoas f\u00edsicas maiores de 18 anos, legalmente emancipadas e que residam na Para\u00edba h\u00e1 pelo menos seis meses.<\/p>\n\n\n\n<p>Os empreendedores que forem realizar o cadastro devem estar atentos \u00e0 documenta\u00e7\u00e3o exigida pelo Empreender no ato da inscri\u00e7\u00e3o em formato de PDF: RG, CPF, comprovante de resid\u00eancia e conta banc\u00e1ria (conta corrente: todos os bancos; conta poupan\u00e7a: apenas Caixa Econ\u00f4mica, opera\u00e7\u00e3o 013).<\/p>\n\n\n\n<p>Caso o participante possua de 18 a 29 anos, \u00e9 necess\u00e1rio o documento frente e verso comprobat\u00f3rio de escolaridade. Se o empreendedor possuir curso t\u00e9cnico\/superior e deseja investir na sua profiss\u00e3o, \u00e9 obrigat\u00f3rio apresentar o certificado de conclus\u00e3o do curso.<\/p>\n\n\n\n<p>Mais informa\u00e7\u00f5es sobre as documenta\u00e7\u00f5es necess\u00e1rias est\u00e3o dispon\u00edveis no edital no site www.empreender.pb.gob.br.<\/p>\n","protected":false},"excerpt":{"rendered":"<p>O Programa Empreender Para\u00edba abre, nesta segunda-feira (12), a partir das 14h, as inscri\u00e7\u00f5es para concess\u00e3o de cr\u00e9dito destinadas aos munic\u00edpios da 3\u00aa regi\u00e3o do&hellip; <\/p>\n","protected":false},"author":1,"featured_media":66745,"comment_status":"closed","ping_status":"closed","sticky":false,"template":"","format":"standard","meta":{"sfsi_plus_gutenberg_text_before_share":"","sfsi_plus_gutenberg_show_text_before_share":"","sfsi_plus_gutenberg_icon_type":"","sfsi_plus_gutenberg_icon_alignemt":"","sfsi_plus_gutenburg_max_per_row":"","footnotes":""},"categories":[50,11],"tags":[],"class_list":["post-109916","post","type-post","status-publish","format-standard","has-post-thumbnail","hentry","category-destaque","category-politica"],"_links":{"self":[{"href":"https:\/\/www.caririemacao.com\/1\/wp-json\/wp\/v2\/posts\/109916","targetHints":{"allow":["GET"]}}],"collection":[{"href":"https:\/\/www.caririemacao.com\/1\/wp-json\/wp\/v2\/posts"}],"about":[{"href":"https:\/\/www.caririemacao.com\/1\/wp-json\/wp\/v2\/types\/post"}],"author":[{"embeddable":true,"href":"https:\/\/www.caririemacao.com\/1\/wp-json\/wp\/v2\/users\/1"}],"replies":[{"embeddable":true,"href":"https:\/\/www.caririemacao.com\/1\/wp-json\/wp\/v2\/comments?post=109916"}],"version-history":[{"count":1,"href":"https:\/\/www.caririemacao.com\/1\/wp-json\/wp\/v2\/posts\/109916\/revisions"}],"predecessor-version":[{"id":109917,"href":"https:\/\/www.caririemacao.com\/1\/wp-json\/wp\/v2\/posts\/109916\/revisions\/109917"}],"wp:featuredmedia":[{"embeddable":true,"href":"https:\/\/www.caririemacao.com\/1\/wp-json\/wp\/v2\/media\/66745"}],"wp:attachment":[{"href":"https:\/\/www.caririemacao.com\/1\/wp-json\/wp\/v2\/media?parent=109916"}],"wp:term":[{"taxonomy":"category","embeddable":true,"href":"https:\/\/www.caririemacao.com\/1\/wp-json\/wp\/v2\/categories?post=109916"},{"taxonomy":"post_tag","embeddable":true,"href":"https:\/\/www.caririemacao.com\/1\/wp-json\/wp\/v2\/tags?post=109916"}],"curies":[{"name":"wp","href":"https:\/\/api.w.org\/{rel}","templated":true}]}}