{"id":109920,"date":"2019-08-12T15:18:49","date_gmt":"2019-08-12T18:18:49","guid":{"rendered":"http:\/\/www.caririemacao.com\/1\/?p=109920"},"modified":"2019-08-12T15:18:49","modified_gmt":"2019-08-12T18:18:49","slug":"secretaria-de-educacao-de-amparo-em-parceria-com-o-nupeforp-promoveu-mais-uma-formacao-para-os-professores","status":"publish","type":"post","link":"https:\/\/www.caririemacao.com\/1\/2019\/08\/12\/secretaria-de-educacao-de-amparo-em-parceria-com-o-nupeforp-promoveu-mais-uma-formacao-para-os-professores\/","title":{"rendered":"Secretaria de Educa\u00e7\u00e3o de Amparo em parceria com o NUPEFORP promoveu mais uma Forma\u00e7\u00e3o para os professores"},"content":{"rendered":"\n<p>Com as novas mudan\u00e7as que se aproximam com a nova BNCC (Base Nacional Curricular Comun) a secretaria municipal de educa\u00e7\u00e3o em parceria com o NUPEFORP (N\u00facleo de Estudos e Pesquisa em Educa\u00e7\u00e3o do Campo \u2013 Forma\u00e7\u00e3o de Professores (as) da UFCG, &nbsp;promoveram um f\u00f3rum de debates com os 20 formadores do p\u00f3lo nucleado pelo munic\u00edpio de Amparo, sobre Legisla\u00e7\u00e3o e Organiza\u00e7\u00e3o Curricular da nova BNCC pensando articula\u00e7\u00e3o entre teoria e pr\u00e1tica. Se fizeram presentes ao encontro professores da educa\u00e7\u00e3o infantil dos munic\u00edpios de Zabel\u00ea, Monteiro, Sum\u00e9, Prata, Ouro Velho e S\u00e3o Jos\u00e9 dos Cordeiros.<\/p>\n\n\n\n<p>Segundo Dra. Fernanda, formadora do encontro, se faz necess\u00e1rio garantir o direito da crian\u00e7a \u00e0 aprendizagem, ao desenvolvimento e a identidade da educa\u00e7\u00e3o infantil, esta que \u00e9 a primeira etapa da educa\u00e7\u00e3o b\u00e1sica e necessita de cuidado especial.<\/p>\n\n\n\n<p>Para a secret\u00e1ria Fabiana Feitosa, um dos objetivos do encontro \u00e9 aproximar a Universidade da realidade da sociedade quanto refer\u00eancia de forma\u00e7\u00e3o. E para tanto, a parceria entre as secretarias de educa\u00e7\u00e3o com esta entidade \u00e9 de fundamental import\u00e2ncia para que tenhamos uma educa\u00e7\u00e3o de qualidade.<\/p>\n\n\n\n<p>O evento aconteceu na sala de reuni\u00f5es do Centro de Refer\u00eancia e Assist\u00eancia Social e contou ainda com presen\u00e7a das secretarias&nbsp;Ver\u00f4nica&nbsp;Rafael (sa\u00fade) e Cleide N\u00f3brega (assist\u00eancia social).<\/p>\n\n\n\n<p>Fonte: Amparo Ligado<\/p>\n","protected":false},"excerpt":{"rendered":"<p>Com as novas mudan\u00e7as que se aproximam com a nova BNCC (Base Nacional Curricular Comun) a secretaria municipal de educa\u00e7\u00e3o em parceria com o NUPEFORP&hellip; <\/p>\n","protected":false},"author":1,"featured_media":109921,"comment_status":"closed","ping_status":"closed","sticky":false,"template":"","format":"standard","meta":{"sfsi_plus_gutenberg_text_before_share":"","sfsi_plus_gutenberg_show_text_before_share":"","sfsi_plus_gutenberg_icon_type":"","sfsi_plus_gutenberg_icon_alignemt":"","sfsi_plus_gutenburg_max_per_row":"","footnotes":""},"categories":[14],"tags":[],"class_list":["post-109920","post","type-post","status-publish","format-standard","has-post-thumbnail","hentry","category-educacao"],"_links":{"self":[{"href":"https:\/\/www.caririemacao.com\/1\/wp-json\/wp\/v2\/posts\/109920","targetHints":{"allow":["GET"]}}],"collection":[{"href":"https:\/\/www.caririemacao.com\/1\/wp-json\/wp\/v2\/posts"}],"about":[{"href":"https:\/\/www.caririemacao.com\/1\/wp-json\/wp\/v2\/types\/post"}],"author":[{"embeddable":true,"href":"https:\/\/www.caririemacao.com\/1\/wp-json\/wp\/v2\/users\/1"}],"replies":[{"embeddable":true,"href":"https:\/\/www.caririemacao.com\/1\/wp-json\/wp\/v2\/comments?post=109920"}],"version-history":[{"count":1,"href":"https:\/\/www.caririemacao.com\/1\/wp-json\/wp\/v2\/posts\/109920\/revisions"}],"predecessor-version":[{"id":109922,"href":"https:\/\/www.caririemacao.com\/1\/wp-json\/wp\/v2\/posts\/109920\/revisions\/109922"}],"wp:featuredmedia":[{"embeddable":true,"href":"https:\/\/www.caririemacao.com\/1\/wp-json\/wp\/v2\/media\/109921"}],"wp:attachment":[{"href":"https:\/\/www.caririemacao.com\/1\/wp-json\/wp\/v2\/media?parent=109920"}],"wp:term":[{"taxonomy":"category","embeddable":true,"href":"https:\/\/www.caririemacao.com\/1\/wp-json\/wp\/v2\/categories?post=109920"},{"taxonomy":"post_tag","embeddable":true,"href":"https:\/\/www.caririemacao.com\/1\/wp-json\/wp\/v2\/tags?post=109920"}],"curies":[{"name":"wp","href":"https:\/\/api.w.org\/{rel}","templated":true}]}}