{"id":109928,"date":"2019-08-12T15:25:56","date_gmt":"2019-08-12T18:25:56","guid":{"rendered":"http:\/\/www.caririemacao.com\/1\/?p=109928"},"modified":"2019-08-12T15:25:56","modified_gmt":"2019-08-12T18:25:56","slug":"cdsa-realiza-colacao-de-grau-dos-concluintes-do-semestre-2019-1-na-proxima-quarta","status":"publish","type":"post","link":"https:\/\/www.caririemacao.com\/1\/2019\/08\/12\/cdsa-realiza-colacao-de-grau-dos-concluintes-do-semestre-2019-1-na-proxima-quarta\/","title":{"rendered":"CDSA realiza Cola\u00e7\u00e3o de Grau dos concluintes do semestre 2019.1 na pr\u00f3xima quarta"},"content":{"rendered":"\n<p>Ser\u00e1 realizada na pr\u00f3xima quarta-feira, 14, \u00e0s 19h, no Gin\u00e1sio de Esportes de Sum\u00e9 (O Net\u00e3o), a solenidade da Cola\u00e7\u00e3o de Grau dos formandos do semestre 2019.1 do Centro de Desenvolvimento Sustent\u00e1vel do Semi\u00e1rido da Universidade Federal de Campina Grande.<\/p>\n\n\n\n<p>Estar\u00e3o colando grau formandos dos cursos de Engenharia de Biossistemas, Engenharia de Biotecnologia e Bioprocessos, Engenharia de Produ\u00e7\u00e3o, Licenciatura em Ci\u00eancias Sociais, Interdisciplinar em Educa\u00e7\u00e3o do Campo, Superior de Tecnologia em Agroecologia e Superior de Tecnologia em Gest\u00e3o P\u00fablica.<\/p>\n\n\n\n<p>O Paraninfo Geral das turmas concluintes ser\u00e1 Rosenato Barreto de Lima, homenageado na ocasi\u00e3o.<\/p>\n\n\n\n<p>Assimp CDSA\/UFCG<\/p>\n","protected":false},"excerpt":{"rendered":"<p>Ser\u00e1 realizada na pr\u00f3xima quarta-feira, 14, \u00e0s 19h, no Gin\u00e1sio de Esportes de Sum\u00e9 (O Net\u00e3o), a solenidade da Cola\u00e7\u00e3o de Grau dos formandos do&hellip; <\/p>\n","protected":false},"author":1,"featured_media":109929,"comment_status":"closed","ping_status":"closed","sticky":false,"template":"","format":"standard","meta":{"sfsi_plus_gutenberg_text_before_share":"","sfsi_plus_gutenberg_show_text_before_share":"","sfsi_plus_gutenberg_icon_type":"","sfsi_plus_gutenberg_icon_alignemt":"","sfsi_plus_gutenburg_max_per_row":"","footnotes":""},"categories":[14],"tags":[],"class_list":["post-109928","post","type-post","status-publish","format-standard","has-post-thumbnail","hentry","category-educacao"],"_links":{"self":[{"href":"https:\/\/www.caririemacao.com\/1\/wp-json\/wp\/v2\/posts\/109928","targetHints":{"allow":["GET"]}}],"collection":[{"href":"https:\/\/www.caririemacao.com\/1\/wp-json\/wp\/v2\/posts"}],"about":[{"href":"https:\/\/www.caririemacao.com\/1\/wp-json\/wp\/v2\/types\/post"}],"author":[{"embeddable":true,"href":"https:\/\/www.caririemacao.com\/1\/wp-json\/wp\/v2\/users\/1"}],"replies":[{"embeddable":true,"href":"https:\/\/www.caririemacao.com\/1\/wp-json\/wp\/v2\/comments?post=109928"}],"version-history":[{"count":1,"href":"https:\/\/www.caririemacao.com\/1\/wp-json\/wp\/v2\/posts\/109928\/revisions"}],"predecessor-version":[{"id":109930,"href":"https:\/\/www.caririemacao.com\/1\/wp-json\/wp\/v2\/posts\/109928\/revisions\/109930"}],"wp:featuredmedia":[{"embeddable":true,"href":"https:\/\/www.caririemacao.com\/1\/wp-json\/wp\/v2\/media\/109929"}],"wp:attachment":[{"href":"https:\/\/www.caririemacao.com\/1\/wp-json\/wp\/v2\/media?parent=109928"}],"wp:term":[{"taxonomy":"category","embeddable":true,"href":"https:\/\/www.caririemacao.com\/1\/wp-json\/wp\/v2\/categories?post=109928"},{"taxonomy":"post_tag","embeddable":true,"href":"https:\/\/www.caririemacao.com\/1\/wp-json\/wp\/v2\/tags?post=109928"}],"curies":[{"name":"wp","href":"https:\/\/api.w.org\/{rel}","templated":true}]}}