{"id":109938,"date":"2019-08-12T15:32:53","date_gmt":"2019-08-12T18:32:53","guid":{"rendered":"http:\/\/www.caririemacao.com\/1\/?p=109938"},"modified":"2019-08-12T15:32:53","modified_gmt":"2019-08-12T18:32:53","slug":"brasil-nao-tera-mais-radares-moveis-a-partir-da-semana-que-vem-diz-bolsonaro","status":"publish","type":"post","link":"https:\/\/www.caririemacao.com\/1\/2019\/08\/12\/brasil-nao-tera-mais-radares-moveis-a-partir-da-semana-que-vem-diz-bolsonaro\/","title":{"rendered":"Brasil n\u00e3o ter\u00e1 mais radares m\u00f3veis a partir da semana que vem, diz Bolsonaro"},"content":{"rendered":"\n<p>O presidente Jair Bolsonaro disse na manh\u00e3 desta segunda-feira (12), em evento de inaugura\u00e7\u00e3o de obra de duplica\u00e7\u00e3o da BR-116 no Rio Grande do Sul, que o Brasil n\u00e3o ter\u00e1 mais radares a partir da semana que vem.&nbsp;<\/p>\n\n\n\n<p>&#8220;Estou com uma briga juntamente com o Tarc\u00edsio [de Freitas, ministro da Infraestrutura] na justi\u00e7a para acabarmos com os pardais no Brasil, essa m\u00e1fia de multas, que vai para o bolso de alguns poucos nessa na\u00e7\u00e3o. \u00c9 uma roubalheira. Anuncio para voc\u00eas que a partir da semana que vem n\u00e3o teremos mais radares m\u00f3veis no Brasil&#8221;, disse hoje.<\/p>\n\n\n\n<p>&#8220;Essa covardia de ficar num descid\u00e3o, no final de um ret\u00e3o algu\u00e9m atr\u00e1s de uma \u00e1rvore para multar voc\u00eas n\u00e3o existir\u00e1 mais&#8221;, acrescentou.<\/p>\n\n\n\n<p>Bolsonaro se mostrou otimista quanto \u00e0 aprova\u00e7\u00e3o do projeto de lei que prop\u00f5e o aumento de 20 para 40 no limite de pontos para cassa\u00e7\u00e3o da CNH (Carteira Nacional de Habilita\u00e7\u00e3o) e amplia a validade do documento de 5 para 10 anos.<\/p>\n\n\n\n<p>&#8220;O Parlamento com toda a certeza dar\u00e1 a devida resposta a essas propostas nossas&#8221;, disse o presidente.<\/p>\n","protected":false},"excerpt":{"rendered":"<p>O presidente Jair Bolsonaro disse na manh\u00e3 desta segunda-feira (12), em evento de inaugura\u00e7\u00e3o de obra de duplica\u00e7\u00e3o da BR-116 no Rio Grande do Sul,&hellip; <\/p>\n","protected":false},"author":1,"featured_media":109939,"comment_status":"closed","ping_status":"closed","sticky":false,"template":"","format":"standard","meta":{"sfsi_plus_gutenberg_text_before_share":"","sfsi_plus_gutenberg_show_text_before_share":"","sfsi_plus_gutenberg_icon_type":"","sfsi_plus_gutenberg_icon_alignemt":"","sfsi_plus_gutenburg_max_per_row":"","footnotes":""},"categories":[11],"tags":[],"class_list":["post-109938","post","type-post","status-publish","format-standard","has-post-thumbnail","hentry","category-politica"],"_links":{"self":[{"href":"https:\/\/www.caririemacao.com\/1\/wp-json\/wp\/v2\/posts\/109938","targetHints":{"allow":["GET"]}}],"collection":[{"href":"https:\/\/www.caririemacao.com\/1\/wp-json\/wp\/v2\/posts"}],"about":[{"href":"https:\/\/www.caririemacao.com\/1\/wp-json\/wp\/v2\/types\/post"}],"author":[{"embeddable":true,"href":"https:\/\/www.caririemacao.com\/1\/wp-json\/wp\/v2\/users\/1"}],"replies":[{"embeddable":true,"href":"https:\/\/www.caririemacao.com\/1\/wp-json\/wp\/v2\/comments?post=109938"}],"version-history":[{"count":1,"href":"https:\/\/www.caririemacao.com\/1\/wp-json\/wp\/v2\/posts\/109938\/revisions"}],"predecessor-version":[{"id":109940,"href":"https:\/\/www.caririemacao.com\/1\/wp-json\/wp\/v2\/posts\/109938\/revisions\/109940"}],"wp:featuredmedia":[{"embeddable":true,"href":"https:\/\/www.caririemacao.com\/1\/wp-json\/wp\/v2\/media\/109939"}],"wp:attachment":[{"href":"https:\/\/www.caririemacao.com\/1\/wp-json\/wp\/v2\/media?parent=109938"}],"wp:term":[{"taxonomy":"category","embeddable":true,"href":"https:\/\/www.caririemacao.com\/1\/wp-json\/wp\/v2\/categories?post=109938"},{"taxonomy":"post_tag","embeddable":true,"href":"https:\/\/www.caririemacao.com\/1\/wp-json\/wp\/v2\/tags?post=109938"}],"curies":[{"name":"wp","href":"https:\/\/api.w.org\/{rel}","templated":true}]}}