{"id":109943,"date":"2019-08-12T15:34:30","date_gmt":"2019-08-12T18:34:30","guid":{"rendered":"http:\/\/www.caririemacao.com\/1\/?p=109943"},"modified":"2019-08-12T15:34:30","modified_gmt":"2019-08-12T18:34:30","slug":"superintendente-do-dnit-na-pb-afirma-que-instalacao-de-radares-fixos-nao-sera-afetada-apos-anuncio-de-bolsonaro","status":"publish","type":"post","link":"https:\/\/www.caririemacao.com\/1\/2019\/08\/12\/superintendente-do-dnit-na-pb-afirma-que-instalacao-de-radares-fixos-nao-sera-afetada-apos-anuncio-de-bolsonaro\/","title":{"rendered":"Superintendente do Dnit na PB afirma que instala\u00e7\u00e3o de radares fixos n\u00e3o ser\u00e1 afetada ap\u00f3s an\u00fancio de Bolsonaro"},"content":{"rendered":"\n<p>Ap\u00f3s an\u00fancio feito nesta segunda-feira (12)&nbsp;pelo&nbsp;presidente Jair Bolsonaro sobre o fim de radares em todo o pa\u00eds, a partir da semana que vem, o Superintend\u00eancia Regional do DNIT no Estado da Para\u00edba, Rainer Branco informou que est\u00e1 mantida a instala\u00e7\u00e3o de todos os 38 radares fixos previstos judicialmente para come\u00e7arem a funcionar no prazo de 60 dias.&nbsp;<\/p>\n\n\n\n<p>Segundo ele, os que j\u00e1 estavam funcionando v\u00e3o continuar em opera\u00e7\u00e3o. Atualmente em todo o estado cerca de 35 radares est\u00e3o em plena atividade.&nbsp;<\/p>\n\n\n\n<p>Em entrevista ao Portal ClickPB, o gestor explicou que o an\u00fancio do presidente pode ter impacto em poss\u00edveis instala\u00e7\u00f5es futuras de radares, mas n\u00e3o nessas atuais. &#8220;N\u00e3o ser\u00e1 mais instalado&nbsp;nenhum outro radar, a n\u00e3o ser os que j\u00e1 estavam contemplados na decis\u00e3o judicial que o Dnit recebeu&#8221;, explicou.<\/p>\n","protected":false},"excerpt":{"rendered":"<p>Ap\u00f3s an\u00fancio feito nesta segunda-feira (12)&nbsp;pelo&nbsp;presidente Jair Bolsonaro sobre o fim de radares em todo o pa\u00eds, a partir da semana que vem, o Superintend\u00eancia&hellip; <\/p>\n","protected":false},"author":1,"featured_media":109944,"comment_status":"closed","ping_status":"closed","sticky":false,"template":"","format":"standard","meta":{"sfsi_plus_gutenberg_text_before_share":"","sfsi_plus_gutenberg_show_text_before_share":"","sfsi_plus_gutenberg_icon_type":"","sfsi_plus_gutenberg_icon_alignemt":"","sfsi_plus_gutenburg_max_per_row":"","footnotes":""},"categories":[11],"tags":[],"class_list":["post-109943","post","type-post","status-publish","format-standard","has-post-thumbnail","hentry","category-politica"],"_links":{"self":[{"href":"https:\/\/www.caririemacao.com\/1\/wp-json\/wp\/v2\/posts\/109943","targetHints":{"allow":["GET"]}}],"collection":[{"href":"https:\/\/www.caririemacao.com\/1\/wp-json\/wp\/v2\/posts"}],"about":[{"href":"https:\/\/www.caririemacao.com\/1\/wp-json\/wp\/v2\/types\/post"}],"author":[{"embeddable":true,"href":"https:\/\/www.caririemacao.com\/1\/wp-json\/wp\/v2\/users\/1"}],"replies":[{"embeddable":true,"href":"https:\/\/www.caririemacao.com\/1\/wp-json\/wp\/v2\/comments?post=109943"}],"version-history":[{"count":1,"href":"https:\/\/www.caririemacao.com\/1\/wp-json\/wp\/v2\/posts\/109943\/revisions"}],"predecessor-version":[{"id":109945,"href":"https:\/\/www.caririemacao.com\/1\/wp-json\/wp\/v2\/posts\/109943\/revisions\/109945"}],"wp:featuredmedia":[{"embeddable":true,"href":"https:\/\/www.caririemacao.com\/1\/wp-json\/wp\/v2\/media\/109944"}],"wp:attachment":[{"href":"https:\/\/www.caririemacao.com\/1\/wp-json\/wp\/v2\/media?parent=109943"}],"wp:term":[{"taxonomy":"category","embeddable":true,"href":"https:\/\/www.caririemacao.com\/1\/wp-json\/wp\/v2\/categories?post=109943"},{"taxonomy":"post_tag","embeddable":true,"href":"https:\/\/www.caririemacao.com\/1\/wp-json\/wp\/v2\/tags?post=109943"}],"curies":[{"name":"wp","href":"https:\/\/api.w.org\/{rel}","templated":true}]}}