{"id":109950,"date":"2019-08-12T16:37:13","date_gmt":"2019-08-12T19:37:13","guid":{"rendered":"http:\/\/www.caririemacao.com\/1\/?p=109950"},"modified":"2019-08-12T16:37:13","modified_gmt":"2019-08-12T19:37:13","slug":"e-so-eu-determinar-a-prf-que-nao-use-mais-disse-bolsonaro-sobre-fim-dos-radares-moveis","status":"publish","type":"post","link":"https:\/\/www.caririemacao.com\/1\/2019\/08\/12\/e-so-eu-determinar-a-prf-que-nao-use-mais-disse-bolsonaro-sobre-fim-dos-radares-moveis\/","title":{"rendered":"&#8220;\u00c9 s\u00f3 eu determinar \u00e0 PRF que n\u00e3o use mais&#8221;, disse Bolsonaro sobre fim dos radares m\u00f3veis"},"content":{"rendered":"\n<p>Em evento oficial em plena na BR-116, em Pelotas, no Rio Grande do Sul, para inaugurar a duplica\u00e7\u00e3o de 47 km da rodovia, o presidente Jair Bolsonaro (PSL) reagiu \u00e0s buzinas de um caminh\u00e3o que dava sinal de apoio ao passar pela estrada e anunciou o fim dos radares m\u00f3veis nas estradas a partir da pr\u00f3xima semana.<\/p>\n\n\n\n<p>&#8220;\u00c9 s\u00f3 eu determinar \u00e0 PRF (Pol\u00edcia Rodovi\u00e1ria Federal) que n\u00e3o use mais&#8221;, disse Bolsonaro ao ser questionado sobre como eliminaria os radares.<\/p>\n\n\n\n<p>&#8220;J\u00e1 que o caminhoneiro tocou a buzina ali. Vou deixar bem claro. N\u00e3o s\u00e3o apenas palavras. T\u00f4 com uma briga, juntamente com o Tarc\u00edsio [ministro da Infraestrutura], na Justi\u00e7a, para acabar com os pardais no Brasil. Essa m\u00e1fia de multa, que vai para os bolsos de uns poucos daqui desta na\u00e7\u00e3o. \u00c9 uma roubalheira esta verdadeira ind\u00fastria da multa que existe no Brasil. Anuncio para voc\u00eas, que a partir da semana que vem n\u00e3o teremos mais radares m\u00f3veis no Brasil. Essa covardia, de ficar no &#8216;descid\u00e3o&#8217;, de ficar no final do &#8216;ret\u00e3o&#8217;, algu\u00e9m atr\u00e1s do mato para multar voc\u00eas, n\u00e3o existir\u00e1 mais&#8221;, disse o presidente, ovacionado.<\/p>\n\n\n\n<p>Em julho, Bolsonaro fez um acordo com o MPF para colocar 2.278 radares em trechos cr\u00edticos para acidentes sem monitoramento. Al\u00e9m disso, t\u00e9cnicos do Dnit (Departamento Nacional de Infraestrutura de Transportes) defendem os radares. Um estudo obtido pela Folha de S.Paulo mostra que 8.301 faixas precisam de monitoramento (radar ou lombada eletr\u00f4nica).<\/p>\n\n\n\n<p>Esta \u00e9 a segunda viagem do presidente ao Rio Grande do Sul depois de eleito. Na primeira, em junho, ele viajou a Santa Maria para um evento do Ex\u00e9rcito, onde defendeu armar a popula\u00e7\u00e3o para evitar golpes de estado. O evento em Pelotas, por\u00e9m, \u00e9 a primeira agenda de Bolsonaro no estado para entrega parcial de uma obra.&nbsp;<\/p>\n\n\n\n<p>O presidente inaugurou 47 km de duplica\u00e7\u00e3o da BR-116, divididos em trechos, em uma regi\u00e3o estrat\u00e9gica para escoamento de produ\u00e7\u00e3o. A duplica\u00e7\u00e3o \u00e9 importante especialmente para escoar a produ\u00e7\u00e3o pelo Porto de Rio Grande e para pa\u00edses do Mercosul, como Uruguai e Argentina. A obra de 211 km iniciou em 2012 e \u00e9 uma reivindica\u00e7\u00e3o antiga da metade sul do estado.<\/p>\n\n\n\n<p>Um grupo de apoiadores de Bolsonaro estava reunido no evento e gritou &#8220;Globo comunista&#8221; contra equipe de televis\u00e3o do canal. Eles tamb\u00e9m gritaram &#8220;fora PT&#8221;, quando viram o deputado estadual Z\u00e9 Nunes (PT), presidente da Frente Parlamentar pela Duplica\u00e7\u00e3o da BR-116, composta por 40 deputados (de um total de 55) de diferentes partidos. O grupo foi criado em 2016. No Congresso, h\u00e1 uma frente semelhante liderada pelo deputado federal Afonso Hamm (PP-RS).<\/p>\n\n\n\n<p>&#8220;Infelizmente, tem sido normal esse tipo de manifesta\u00e7\u00e3o. Tem um setor muito radical \u00e0 direita, que se &#8216;adonou&#8217; das cores da bandeira brasileira, dos s\u00edmbolos nacionais e, na pr\u00e1tica, \u00e9 o contr\u00e1rio. \u00c9 um dos governos mais submissos da hist\u00f3ria&#8221;, disse Nunes \u00e0 reportagem.<\/p>\n\n\n\n<p>De acordo com o deputado, faltam cerca de R$ 600 milh\u00f5es para a conclus\u00e3o da obra, que agora est\u00e1 63% terminada. Segundo o presidente da Frente Parlamentar, no final do governo da ex-presidente Dilma Rousseff (PT), a obra estava 57% finalizada.&nbsp;<br>A prefeita de Pelotas, Paula Mascarenhas (PSDB) n\u00e3o foi poupada dos ataques. Ela foi chamada de &#8220;petista&#8221; e &#8220;traidora&#8221;.<\/p>\n\n\n\n<p>Al\u00e9m de Bolsonaro, a cerim\u00f4nia contou com a presen\u00e7a do ministro da Casa Civil,&nbsp; Onyx Lorenzoni (DEM), ministro da Infraestrutura, Tarc\u00edsio Gomes de Freitas e o ministro da Cidadania, Osmar Terra (MDB).<br><\/p>\n","protected":false},"excerpt":{"rendered":"<p>Em evento oficial em plena na BR-116, em Pelotas, no Rio Grande do Sul, para inaugurar a duplica\u00e7\u00e3o de 47 km da rodovia, o presidente&hellip; <\/p>\n","protected":false},"author":1,"featured_media":109951,"comment_status":"closed","ping_status":"closed","sticky":false,"template":"","format":"standard","meta":{"sfsi_plus_gutenberg_text_before_share":"","sfsi_plus_gutenberg_show_text_before_share":"","sfsi_plus_gutenberg_icon_type":"","sfsi_plus_gutenberg_icon_alignemt":"","sfsi_plus_gutenburg_max_per_row":"","footnotes":""},"categories":[11],"tags":[],"class_list":["post-109950","post","type-post","status-publish","format-standard","has-post-thumbnail","hentry","category-politica"],"_links":{"self":[{"href":"https:\/\/www.caririemacao.com\/1\/wp-json\/wp\/v2\/posts\/109950","targetHints":{"allow":["GET"]}}],"collection":[{"href":"https:\/\/www.caririemacao.com\/1\/wp-json\/wp\/v2\/posts"}],"about":[{"href":"https:\/\/www.caririemacao.com\/1\/wp-json\/wp\/v2\/types\/post"}],"author":[{"embeddable":true,"href":"https:\/\/www.caririemacao.com\/1\/wp-json\/wp\/v2\/users\/1"}],"replies":[{"embeddable":true,"href":"https:\/\/www.caririemacao.com\/1\/wp-json\/wp\/v2\/comments?post=109950"}],"version-history":[{"count":1,"href":"https:\/\/www.caririemacao.com\/1\/wp-json\/wp\/v2\/posts\/109950\/revisions"}],"predecessor-version":[{"id":109952,"href":"https:\/\/www.caririemacao.com\/1\/wp-json\/wp\/v2\/posts\/109950\/revisions\/109952"}],"wp:featuredmedia":[{"embeddable":true,"href":"https:\/\/www.caririemacao.com\/1\/wp-json\/wp\/v2\/media\/109951"}],"wp:attachment":[{"href":"https:\/\/www.caririemacao.com\/1\/wp-json\/wp\/v2\/media?parent=109950"}],"wp:term":[{"taxonomy":"category","embeddable":true,"href":"https:\/\/www.caririemacao.com\/1\/wp-json\/wp\/v2\/categories?post=109950"},{"taxonomy":"post_tag","embeddable":true,"href":"https:\/\/www.caririemacao.com\/1\/wp-json\/wp\/v2\/tags?post=109950"}],"curies":[{"name":"wp","href":"https:\/\/api.w.org\/{rel}","templated":true}]}}