{"id":109955,"date":"2019-08-12T16:40:04","date_gmt":"2019-08-12T19:40:04","guid":{"rendered":"http:\/\/www.caririemacao.com\/1\/?p=109955"},"modified":"2019-08-12T16:40:04","modified_gmt":"2019-08-12T19:40:04","slug":"bolsonaro-cancelou-r-130-milhoes-de-recursos-para-obras-de-barragem-e-porto-de-cabedelo","status":"publish","type":"post","link":"https:\/\/www.caririemacao.com\/1\/2019\/08\/12\/bolsonaro-cancelou-r-130-milhoes-de-recursos-para-obras-de-barragem-e-porto-de-cabedelo\/","title":{"rendered":"Bolsonaro cancelou R$ 130 milh\u00f5es de recursos para obras de barragem e Porto de Cabedelo"},"content":{"rendered":"\n<p>O governador Jo\u00e3o Azev\u00eado revelou em entrevista nesta segunda-feira (12) que a Para\u00edba n\u00e3o conta mais com recursos no valor de R$ 130 milh\u00f5es, que seriam destinados para a constru\u00e7\u00e3o de uma barragem e de obras no Porto de Cabedelo. Para a barragem, estavam dispon\u00edveis R$ 80 milh\u00f5es, enquanto que, para o Porto de Cabedelo, seriam R$ 50 milh\u00f5es.<\/p>\n\n\n\n<p>\u201cEstavam dispon\u00edveis no ano passado e esse ano n\u00e3o est\u00e3o mais. Isso foi repassado para mim por dois ministros\u201d, declarou o governador, que foi questionado pela reportagem do ClickPB durante entrevista coletiva.<\/p>\n\n\n\n<p>Jo\u00e3o Azev\u00eado ainda evitou comentar as novas declara\u00e7\u00f5es dadas pelo presidente Jair Bolsonaro. \u201cNa verdade, eu acho que cada um tem que fazer o seu dever de casa. A Para\u00edba tem buscado ir exatamente na dire\u00e7\u00e3o contr\u00e1ria desse tipo de declara\u00e7\u00e3o, desse tipo de atitude do governo\u201d, afirmou o governador da Para\u00edba.<\/p>\n\n\n\n<p>Ele ainda ressaltou que \u201ceu n\u00e3o tenho a preocupa\u00e7\u00e3o de ficar dando resposta a nada disso. O que quero buscar, \u00e9 manter a Para\u00edba nesse ritmo que a gente se acostumou\u201d.<\/p>\n","protected":false},"excerpt":{"rendered":"<p>O governador Jo\u00e3o Azev\u00eado revelou em entrevista nesta segunda-feira (12) que a Para\u00edba n\u00e3o conta mais com recursos no valor de R$ 130 milh\u00f5es, que&hellip; <\/p>\n","protected":false},"author":1,"featured_media":109956,"comment_status":"closed","ping_status":"closed","sticky":false,"template":"","format":"standard","meta":{"sfsi_plus_gutenberg_text_before_share":"","sfsi_plus_gutenberg_show_text_before_share":"","sfsi_plus_gutenberg_icon_type":"","sfsi_plus_gutenberg_icon_alignemt":"","sfsi_plus_gutenburg_max_per_row":"","footnotes":""},"categories":[11],"tags":[],"class_list":["post-109955","post","type-post","status-publish","format-standard","has-post-thumbnail","hentry","category-politica"],"_links":{"self":[{"href":"https:\/\/www.caririemacao.com\/1\/wp-json\/wp\/v2\/posts\/109955","targetHints":{"allow":["GET"]}}],"collection":[{"href":"https:\/\/www.caririemacao.com\/1\/wp-json\/wp\/v2\/posts"}],"about":[{"href":"https:\/\/www.caririemacao.com\/1\/wp-json\/wp\/v2\/types\/post"}],"author":[{"embeddable":true,"href":"https:\/\/www.caririemacao.com\/1\/wp-json\/wp\/v2\/users\/1"}],"replies":[{"embeddable":true,"href":"https:\/\/www.caririemacao.com\/1\/wp-json\/wp\/v2\/comments?post=109955"}],"version-history":[{"count":1,"href":"https:\/\/www.caririemacao.com\/1\/wp-json\/wp\/v2\/posts\/109955\/revisions"}],"predecessor-version":[{"id":109957,"href":"https:\/\/www.caririemacao.com\/1\/wp-json\/wp\/v2\/posts\/109955\/revisions\/109957"}],"wp:featuredmedia":[{"embeddable":true,"href":"https:\/\/www.caririemacao.com\/1\/wp-json\/wp\/v2\/media\/109956"}],"wp:attachment":[{"href":"https:\/\/www.caririemacao.com\/1\/wp-json\/wp\/v2\/media?parent=109955"}],"wp:term":[{"taxonomy":"category","embeddable":true,"href":"https:\/\/www.caririemacao.com\/1\/wp-json\/wp\/v2\/categories?post=109955"},{"taxonomy":"post_tag","embeddable":true,"href":"https:\/\/www.caririemacao.com\/1\/wp-json\/wp\/v2\/tags?post=109955"}],"curies":[{"name":"wp","href":"https:\/\/api.w.org\/{rel}","templated":true}]}}