{"id":109964,"date":"2019-08-12T16:44:32","date_gmt":"2019-08-12T19:44:32","guid":{"rendered":"http:\/\/www.caririemacao.com\/1\/?p=109964"},"modified":"2019-08-12T16:44:32","modified_gmt":"2019-08-12T19:44:32","slug":"tenham-um-pouco-de-paciencia-diz-guedes-sobre-recuperacao-economica","status":"publish","type":"post","link":"https:\/\/www.caririemacao.com\/1\/2019\/08\/12\/tenham-um-pouco-de-paciencia-diz-guedes-sobre-recuperacao-economica\/","title":{"rendered":"\u201cTenham um pouco de paci\u00eancia\u201d, diz Guedes sobre recupera\u00e7\u00e3o econ\u00f4mica"},"content":{"rendered":"\n<p>Ap\u00f3s a publica\u00e7\u00e3o de levantamento do jornal Folha de S.Paulo que mostra uma piora na maior parte dos indicadores do pa\u00eds nos primeiros meses da gest\u00e3o de Jair Bolsonaro, o ministro da Economia, Paulo Guedes, afirmou nesta segunda-feira (12) que o pa\u00eds precisa de uma sequ\u00eancia de reformas e pediu um tempo para que os efeitos sejam observados.<\/p>\n\n\n\n<p>No domingo (11), ao ser questionado sobre o desempenho dos indicadores, Bolsonaro evitou fazer coment\u00e1rios e solicitou que a reportagem questionasse o ministro da Economia. &#8220;Pergunta para o Paulo Guedes&#8221;, disse na ocasi\u00e3o.<\/p>\n\n\n\n<p>Nesta segunda, em discurso no STJ (Superior Tribunal de Justi\u00e7a), Guedes falou sobre o desempenho da economia do pa\u00eds.<\/p>\n\n\n\n<p>&#8220;Quebraram o setor el\u00e9trico, o setor de petr\u00f3leo, os fundos de pens\u00e3o e agora a economia parou. E agora, em cinco, seis meses &#8216;o Brasil n\u00e3o est\u00e1 andando. Culpa do novo governo&#8217;. Ora, senhores. Quem governou 30 anos o Brasil, a social-democracia, que fez muitas coisas boas, d\u00ea um ano ou dois&#8221;, disse o ministro.<\/p>\n\n\n\n<p>A compila\u00e7\u00e3o de quase 90 indicadores nacionais, que v\u00e3o da economia ao meio ambiente, mostra que a maioria deles regrediu nos primeiros seis meses da gest\u00e3o de Bolsonaro.<\/p>\n\n\n\n<p>A reportagem analisou 87 estat\u00edsticas oficiais e de estudiosos que t\u00eam n\u00fameros atualizados at\u00e9 algum ponto do primeiro semestre de 2019 e as cruzou com os dados de 2018. Desse total, 44 pioraram, 15 permaneceram est\u00e1veis e 28 apresentaram alguma melhora.<\/p>\n\n\n\n<p>Entre os indicadores que mais apresentam deteriora\u00e7\u00e3o est\u00e3o os de educa\u00e7\u00e3o, sa\u00fade e meio ambiente. Os dados oficiais reunidos pelo Minist\u00e9rio da Justi\u00e7a apontam melhora nos \u00edndices de criminalidade. Na economia, h\u00e1 um equil\u00edbrio.<\/p>\n\n\n\n<p>&#8220;D\u00ea um governo, d\u00ea uma chance de um governo de quatro anos para a liberal-democracia. [&#8230;] N\u00f3s esperamos tantas vezes. Espera um pouquinho, espera quatro anos, vamos ver se melhora um pouco. Nos deem chance de trabalhar tamb\u00e9m&#8221;, completou Guedes.<\/p>\n\n\n\n<p>O ministro afirmou que a crise estrutural no Brasil leva pessoas a deixarem o pa\u00eds. Segundo ele, o movimento come\u00e7ou com a fatia mais rica da popula\u00e7\u00e3o e depois foi se ampliando.<\/p>\n\n\n\n<p>&#8220;Est\u00e1 indo todo mundo embora, o menino prefere lavar prato em Barcelona, entregar pizza em Boston do que ficar no Brasil, porque n\u00e3o h\u00e1 emprego. E os senhores acham que quem est\u00e1 criando esse desemprego foram esses quatro, cinco, seis meses de governo. Botem a m\u00e3o na consci\u00eancia e reflitam um pouco se n\u00e3o chegou o tempo das reformas&#8221;, afirmou.<\/p>\n","protected":false},"excerpt":{"rendered":"<p>Ap\u00f3s a publica\u00e7\u00e3o de levantamento do jornal Folha de S.Paulo que mostra uma piora na maior parte dos indicadores do pa\u00eds nos primeiros meses da&hellip; <\/p>\n","protected":false},"author":1,"featured_media":109965,"comment_status":"closed","ping_status":"closed","sticky":false,"template":"","format":"standard","meta":{"sfsi_plus_gutenberg_text_before_share":"","sfsi_plus_gutenberg_show_text_before_share":"","sfsi_plus_gutenberg_icon_type":"","sfsi_plus_gutenberg_icon_alignemt":"","sfsi_plus_gutenburg_max_per_row":"","footnotes":""},"categories":[11],"tags":[],"class_list":["post-109964","post","type-post","status-publish","format-standard","has-post-thumbnail","hentry","category-politica"],"_links":{"self":[{"href":"https:\/\/www.caririemacao.com\/1\/wp-json\/wp\/v2\/posts\/109964","targetHints":{"allow":["GET"]}}],"collection":[{"href":"https:\/\/www.caririemacao.com\/1\/wp-json\/wp\/v2\/posts"}],"about":[{"href":"https:\/\/www.caririemacao.com\/1\/wp-json\/wp\/v2\/types\/post"}],"author":[{"embeddable":true,"href":"https:\/\/www.caririemacao.com\/1\/wp-json\/wp\/v2\/users\/1"}],"replies":[{"embeddable":true,"href":"https:\/\/www.caririemacao.com\/1\/wp-json\/wp\/v2\/comments?post=109964"}],"version-history":[{"count":1,"href":"https:\/\/www.caririemacao.com\/1\/wp-json\/wp\/v2\/posts\/109964\/revisions"}],"predecessor-version":[{"id":109966,"href":"https:\/\/www.caririemacao.com\/1\/wp-json\/wp\/v2\/posts\/109964\/revisions\/109966"}],"wp:featuredmedia":[{"embeddable":true,"href":"https:\/\/www.caririemacao.com\/1\/wp-json\/wp\/v2\/media\/109965"}],"wp:attachment":[{"href":"https:\/\/www.caririemacao.com\/1\/wp-json\/wp\/v2\/media?parent=109964"}],"wp:term":[{"taxonomy":"category","embeddable":true,"href":"https:\/\/www.caririemacao.com\/1\/wp-json\/wp\/v2\/categories?post=109964"},{"taxonomy":"post_tag","embeddable":true,"href":"https:\/\/www.caririemacao.com\/1\/wp-json\/wp\/v2\/tags?post=109964"}],"curies":[{"name":"wp","href":"https:\/\/api.w.org\/{rel}","templated":true}]}}