{"id":109970,"date":"2019-08-12T16:56:03","date_gmt":"2019-08-12T19:56:03","guid":{"rendered":"http:\/\/www.caririemacao.com\/1\/?p=109970"},"modified":"2019-08-12T16:56:03","modified_gmt":"2019-08-12T19:56:03","slug":"odm-de-sume-realiza-plenaria-no-assentamento-mandacaru","status":"publish","type":"post","link":"https:\/\/www.caririemacao.com\/1\/2019\/08\/12\/odm-de-sume-realiza-plenaria-no-assentamento-mandacaru\/","title":{"rendered":"ODM de Sum\u00e9 realiza plen\u00e1ria no Assentamento Mandacaru"},"content":{"rendered":"\n<figure class=\"wp-block-image\"><img fetchpriority=\"high\" decoding=\"async\" width=\"720\" height=\"478\" src=\"http:\/\/www.caririemacao.com\/1\/wp-content\/uploads\/2019\/08\/FB_IMG_1565639619721.jpg\" alt=\"\" class=\"wp-image-109972\" srcset=\"https:\/\/www.caririemacao.com\/1\/wp-content\/uploads\/2019\/08\/FB_IMG_1565639619721.jpg 720w, https:\/\/www.caririemacao.com\/1\/wp-content\/uploads\/2019\/08\/FB_IMG_1565639619721-300x199.jpg 300w\" sizes=\"(max-width: 720px) 100vw, 720px\" \/><\/figure>\n\n\n\n<p>No \u00faltimo s\u00e1bado (10), o prefeito \u00c9den Duarte e toda a sua equipe de secret\u00e1rios, assessores e vereadores estiveram no Assentamento Mandacaru, zona rural do munic\u00edpio que envolve 18 comunidades, para a realiza\u00e7\u00e3o da d\u00e9cima primeira plen\u00e1ria do ODM.<\/p>\n\n\n\n<p>Estiveram inscritos 104 pessoas da comunidade, que levaram as suas demandas a serem apresentadas ao Poder Executivo.<\/p>\n\n\n\n<p>As prioridades eleitas pelos moradores foram: 1- Sa\u00fade, 2- Educa\u00e7\u00e3o, 3 \u2013 Infraestrutura.<br>\nTamb\u00e9m foram escolhidos os conselheiros que ir\u00e3o ser os representantes da regi\u00e3o no Or\u00e7amento. Foram eleitos: Josineide e Maraca.<\/p>\n\n\n\n<p>\u201cO ODM tem sido muito bom, na pr\u00f3xima semana j\u00e1 vamos sistematizar com os secret\u00e1rios e a equipe do or\u00e7amento tudo o que vem sendo apontado nas plen\u00e1rias e aquelas demandas que n\u00e3o necessitam de muitos recursos j\u00e1 vamos dar andamento\u201d, declarou o prefeito \u00c9den Duarte.<\/p>\n","protected":false},"excerpt":{"rendered":"<p>No \u00faltimo s\u00e1bado (10), o prefeito \u00c9den Duarte e toda a sua equipe de secret\u00e1rios, assessores e vereadores estiveram no Assentamento Mandacaru, zona rural do&hellip; <\/p>\n","protected":false},"author":1,"featured_media":109740,"comment_status":"closed","ping_status":"closed","sticky":false,"template":"","format":"standard","meta":{"sfsi_plus_gutenberg_text_before_share":"","sfsi_plus_gutenberg_show_text_before_share":"","sfsi_plus_gutenberg_icon_type":"","sfsi_plus_gutenberg_icon_alignemt":"","sfsi_plus_gutenburg_max_per_row":"","footnotes":""},"categories":[6,50],"tags":[],"class_list":["post-109970","post","type-post","status-publish","format-standard","has-post-thumbnail","hentry","category-cidades","category-destaque"],"_links":{"self":[{"href":"https:\/\/www.caririemacao.com\/1\/wp-json\/wp\/v2\/posts\/109970","targetHints":{"allow":["GET"]}}],"collection":[{"href":"https:\/\/www.caririemacao.com\/1\/wp-json\/wp\/v2\/posts"}],"about":[{"href":"https:\/\/www.caririemacao.com\/1\/wp-json\/wp\/v2\/types\/post"}],"author":[{"embeddable":true,"href":"https:\/\/www.caririemacao.com\/1\/wp-json\/wp\/v2\/users\/1"}],"replies":[{"embeddable":true,"href":"https:\/\/www.caririemacao.com\/1\/wp-json\/wp\/v2\/comments?post=109970"}],"version-history":[{"count":1,"href":"https:\/\/www.caririemacao.com\/1\/wp-json\/wp\/v2\/posts\/109970\/revisions"}],"predecessor-version":[{"id":109973,"href":"https:\/\/www.caririemacao.com\/1\/wp-json\/wp\/v2\/posts\/109970\/revisions\/109973"}],"wp:featuredmedia":[{"embeddable":true,"href":"https:\/\/www.caririemacao.com\/1\/wp-json\/wp\/v2\/media\/109740"}],"wp:attachment":[{"href":"https:\/\/www.caririemacao.com\/1\/wp-json\/wp\/v2\/media?parent=109970"}],"wp:term":[{"taxonomy":"category","embeddable":true,"href":"https:\/\/www.caririemacao.com\/1\/wp-json\/wp\/v2\/categories?post=109970"},{"taxonomy":"post_tag","embeddable":true,"href":"https:\/\/www.caririemacao.com\/1\/wp-json\/wp\/v2\/tags?post=109970"}],"curies":[{"name":"wp","href":"https:\/\/api.w.org\/{rel}","templated":true}]}}