{"id":109978,"date":"2019-08-12T20:32:49","date_gmt":"2019-08-12T23:32:49","guid":{"rendered":"http:\/\/www.caririemacao.com\/1\/?p=109978"},"modified":"2019-08-12T20:32:49","modified_gmt":"2019-08-12T23:32:49","slug":"prefeito-sandro-comemora-festa-dos-pais-com-os-camalauenses","status":"publish","type":"post","link":"https:\/\/www.caririemacao.com\/1\/2019\/08\/12\/prefeito-sandro-comemora-festa-dos-pais-com-os-camalauenses\/","title":{"rendered":"Prefeito Sandro comemora festa dos pais com os camalauenses"},"content":{"rendered":"\n<p>Foi realizada neste s\u00e1bado, dia 10, uma grande festa para comemorar o dia dos pais, na cidade de Camala\u00fa. O evento foi promovido pela Prefeitura de Camala\u00fa e contou com a presen\u00e7a de centenas de pais que foram participar  das homenagens.<\/p>\n\n\n\n<figure class=\"wp-block-image\"><img fetchpriority=\"high\" decoding=\"async\" width=\"960\" height=\"635\" src=\"http:\/\/www.caririemacao.com\/1\/wp-content\/uploads\/2019\/08\/67874183_1620462574756426_6539947951454683136_n.jpg\" alt=\"\" class=\"wp-image-109979\" srcset=\"https:\/\/www.caririemacao.com\/1\/wp-content\/uploads\/2019\/08\/67874183_1620462574756426_6539947951454683136_n.jpg 960w, https:\/\/www.caririemacao.com\/1\/wp-content\/uploads\/2019\/08\/67874183_1620462574756426_6539947951454683136_n-300x198.jpg 300w, https:\/\/www.caririemacao.com\/1\/wp-content\/uploads\/2019\/08\/67874183_1620462574756426_6539947951454683136_n-768x508.jpg 768w\" sizes=\"(max-width: 960px) 100vw, 960px\" \/><\/figure>\n\n\n\n<p>Autoridades locais marcaram presen\u00e7a na festividade como o prefeito Sandro M\u00f4co, vice-prefeito, Ezequiel S\u00f3stenes, secret\u00e1rios municipais e vereadores, prestigiando essa grande festa em homenagem aos pais que reuniu fam\u00edlias inteiras na pra\u00e7a de eventos. <\/p>\n\n\n\n<figure class=\"wp-block-image\"><img decoding=\"async\" width=\"960\" height=\"635\" data-src=\"http:\/\/www.caririemacao.com\/1\/wp-content\/uploads\/2019\/08\/68432959_1620464764756207_7735055372167151616_n.jpg\" alt=\"\" class=\"wp-image-109981 lazyload\" data-srcset=\"https:\/\/www.caririemacao.com\/1\/wp-content\/uploads\/2019\/08\/68432959_1620464764756207_7735055372167151616_n.jpg 960w, https:\/\/www.caririemacao.com\/1\/wp-content\/uploads\/2019\/08\/68432959_1620464764756207_7735055372167151616_n-300x198.jpg 300w, https:\/\/www.caririemacao.com\/1\/wp-content\/uploads\/2019\/08\/68432959_1620464764756207_7735055372167151616_n-768x508.jpg 768w\" data-sizes=\"(max-width: 960px) 100vw, 960px\" src=\"data:image\/svg+xml;base64,PHN2ZyB3aWR0aD0iMSIgaGVpZ2h0PSIxIiB4bWxucz0iaHR0cDovL3d3dy53My5vcmcvMjAwMC9zdmciPjwvc3ZnPg==\" style=\"--smush-placeholder-width: 960px; --smush-placeholder-aspect-ratio: 960\/635;\" \/><\/figure>\n\n\n\n<p>Os pais foram recebidos com muita festa, com uma bela apresenta\u00e7\u00e3o de violeiros, participaram de brincadeiras e ganharam v\u00e1rios brindes. Na sequ\u00eancia os pais tamb\u00e9m participaram de um divertido bingo de uma moto 0 km, fazendo a festa dos pais que foram participar da festa.<\/p>\n\n\n\n<figure class=\"wp-block-image\"><img decoding=\"async\" width=\"960\" height=\"635\" data-src=\"http:\/\/www.caririemacao.com\/1\/wp-content\/uploads\/2019\/08\/68578583_1620466644756019_1918420895936806912_n.jpg\" alt=\"\" class=\"wp-image-109983 lazyload\" data-srcset=\"https:\/\/www.caririemacao.com\/1\/wp-content\/uploads\/2019\/08\/68578583_1620466644756019_1918420895936806912_n.jpg 960w, https:\/\/www.caririemacao.com\/1\/wp-content\/uploads\/2019\/08\/68578583_1620466644756019_1918420895936806912_n-300x198.jpg 300w, https:\/\/www.caririemacao.com\/1\/wp-content\/uploads\/2019\/08\/68578583_1620466644756019_1918420895936806912_n-768x508.jpg 768w\" data-sizes=\"(max-width: 960px) 100vw, 960px\" src=\"data:image\/svg+xml;base64,PHN2ZyB3aWR0aD0iMSIgaGVpZ2h0PSIxIiB4bWxucz0iaHR0cDovL3d3dy53My5vcmcvMjAwMC9zdmciPjwvc3ZnPg==\" style=\"--smush-placeholder-width: 960px; --smush-placeholder-aspect-ratio: 960\/635;\" \/><\/figure>\n\n\n\n<p>Durante a festa, o prefeito Sandro parabenizou todos os pais e dizendo que a festa tinha sido realizada com muito carinho e respeito aos pais, reafirmando tamb\u00e9m seu compromisso com os camalauenses. <\/p>\n\n\n\n<figure class=\"wp-block-image\"><img decoding=\"async\" width=\"960\" height=\"635\" data-src=\"http:\/\/www.caririemacao.com\/1\/wp-content\/uploads\/2019\/08\/68550563_1620467708089246_7707729162437394432_n.jpg\" alt=\"\" class=\"wp-image-109982 lazyload\" data-srcset=\"https:\/\/www.caririemacao.com\/1\/wp-content\/uploads\/2019\/08\/68550563_1620467708089246_7707729162437394432_n.jpg 960w, https:\/\/www.caririemacao.com\/1\/wp-content\/uploads\/2019\/08\/68550563_1620467708089246_7707729162437394432_n-300x198.jpg 300w, https:\/\/www.caririemacao.com\/1\/wp-content\/uploads\/2019\/08\/68550563_1620467708089246_7707729162437394432_n-768x508.jpg 768w\" data-sizes=\"(max-width: 960px) 100vw, 960px\" src=\"data:image\/svg+xml;base64,PHN2ZyB3aWR0aD0iMSIgaGVpZ2h0PSIxIiB4bWxucz0iaHR0cDovL3d3dy53My5vcmcvMjAwMC9zdmciPjwvc3ZnPg==\" style=\"--smush-placeholder-width: 960px; --smush-placeholder-aspect-ratio: 960\/635;\" \/><\/figure>\n\n\n\n<p>E para encerrar a festa, o prefeito Sandro fez a entrega de um\n\u00f4nibus 0km, aumentando assim a frota escolar e melhorando o transporte dos\nalunos camalauenses.<\/p>\n","protected":false},"excerpt":{"rendered":"<p>Foi realizada neste s\u00e1bado, dia 10, uma grande festa para comemorar o dia dos pais, na cidade de Camala\u00fa. O evento foi promovido pela Prefeitura&hellip; <\/p>\n","protected":false},"author":2,"featured_media":109980,"comment_status":"closed","ping_status":"closed","sticky":false,"template":"","format":"standard","meta":{"sfsi_plus_gutenberg_text_before_share":"","sfsi_plus_gutenberg_show_text_before_share":"","sfsi_plus_gutenberg_icon_type":"","sfsi_plus_gutenberg_icon_alignemt":"","sfsi_plus_gutenburg_max_per_row":"","footnotes":""},"categories":[6,50],"tags":[],"class_list":["post-109978","post","type-post","status-publish","format-standard","has-post-thumbnail","hentry","category-cidades","category-destaque"],"_links":{"self":[{"href":"https:\/\/www.caririemacao.com\/1\/wp-json\/wp\/v2\/posts\/109978","targetHints":{"allow":["GET"]}}],"collection":[{"href":"https:\/\/www.caririemacao.com\/1\/wp-json\/wp\/v2\/posts"}],"about":[{"href":"https:\/\/www.caririemacao.com\/1\/wp-json\/wp\/v2\/types\/post"}],"author":[{"embeddable":true,"href":"https:\/\/www.caririemacao.com\/1\/wp-json\/wp\/v2\/users\/2"}],"replies":[{"embeddable":true,"href":"https:\/\/www.caririemacao.com\/1\/wp-json\/wp\/v2\/comments?post=109978"}],"version-history":[{"count":1,"href":"https:\/\/www.caririemacao.com\/1\/wp-json\/wp\/v2\/posts\/109978\/revisions"}],"predecessor-version":[{"id":109984,"href":"https:\/\/www.caririemacao.com\/1\/wp-json\/wp\/v2\/posts\/109978\/revisions\/109984"}],"wp:featuredmedia":[{"embeddable":true,"href":"https:\/\/www.caririemacao.com\/1\/wp-json\/wp\/v2\/media\/109980"}],"wp:attachment":[{"href":"https:\/\/www.caririemacao.com\/1\/wp-json\/wp\/v2\/media?parent=109978"}],"wp:term":[{"taxonomy":"category","embeddable":true,"href":"https:\/\/www.caririemacao.com\/1\/wp-json\/wp\/v2\/categories?post=109978"},{"taxonomy":"post_tag","embeddable":true,"href":"https:\/\/www.caririemacao.com\/1\/wp-json\/wp\/v2\/tags?post=109978"}],"curies":[{"name":"wp","href":"https:\/\/api.w.org\/{rel}","templated":true}]}}