{"id":109985,"date":"2019-08-12T22:59:24","date_gmt":"2019-08-13T01:59:24","guid":{"rendered":"http:\/\/www.caririemacao.com\/1\/?p=109985"},"modified":"2019-08-12T22:59:24","modified_gmt":"2019-08-13T01:59:24","slug":"carro-de-capitao-da-policia-militar-e-roubado-no-centro-de-monteiro","status":"publish","type":"post","link":"https:\/\/www.caririemacao.com\/1\/2019\/08\/12\/carro-de-capitao-da-policia-militar-e-roubado-no-centro-de-monteiro\/","title":{"rendered":"Carro de Capit\u00e3o da Pol\u00edcia Militar \u00e9 roubado no centro de Monteiro"},"content":{"rendered":"\n<p>Um ve\u00edculo da marca CITROEN foi roubado na noite desta segunda-feira, 12, nas imedia\u00e7\u00f5es do escrit\u00f3rio da ENERGISA, centro de Monteiro.<\/p>\n\n\n\n<p>Segundo informa\u00e7\u00f5es, o ve\u00edculo de placa NQC \u2013 9711 pertence ao capit\u00e3o da Pol\u00edcia Militar conhecido por Rosem\u00e1rio.<\/p>\n\n\n\n<p>O destacamento da Pol\u00edcia Militar do munic\u00edpio de Monteiro est\u00e1 em dilig\u00eancias na tentativa de localizar o ve\u00edculo e identificar os autores do roubo.<br><\/p>\n\n\n\n<p>O Pipoco<\/p>\n","protected":false},"excerpt":{"rendered":"<p>Um ve\u00edculo da marca CITROEN foi roubado na noite desta segunda-feira, 12, nas imedia\u00e7\u00f5es do escrit\u00f3rio da ENERGISA, centro de Monteiro. Segundo informa\u00e7\u00f5es, o ve\u00edculo&hellip; <\/p>\n","protected":false},"author":1,"featured_media":36838,"comment_status":"closed","ping_status":"closed","sticky":false,"template":"","format":"standard","meta":{"sfsi_plus_gutenberg_text_before_share":"","sfsi_plus_gutenberg_show_text_before_share":"","sfsi_plus_gutenberg_icon_type":"","sfsi_plus_gutenberg_icon_alignemt":"","sfsi_plus_gutenburg_max_per_row":"","footnotes":""},"categories":[50,12],"tags":[],"class_list":["post-109985","post","type-post","status-publish","format-standard","has-post-thumbnail","hentry","category-destaque","category-policia"],"_links":{"self":[{"href":"https:\/\/www.caririemacao.com\/1\/wp-json\/wp\/v2\/posts\/109985","targetHints":{"allow":["GET"]}}],"collection":[{"href":"https:\/\/www.caririemacao.com\/1\/wp-json\/wp\/v2\/posts"}],"about":[{"href":"https:\/\/www.caririemacao.com\/1\/wp-json\/wp\/v2\/types\/post"}],"author":[{"embeddable":true,"href":"https:\/\/www.caririemacao.com\/1\/wp-json\/wp\/v2\/users\/1"}],"replies":[{"embeddable":true,"href":"https:\/\/www.caririemacao.com\/1\/wp-json\/wp\/v2\/comments?post=109985"}],"version-history":[{"count":1,"href":"https:\/\/www.caririemacao.com\/1\/wp-json\/wp\/v2\/posts\/109985\/revisions"}],"predecessor-version":[{"id":109986,"href":"https:\/\/www.caririemacao.com\/1\/wp-json\/wp\/v2\/posts\/109985\/revisions\/109986"}],"wp:featuredmedia":[{"embeddable":true,"href":"https:\/\/www.caririemacao.com\/1\/wp-json\/wp\/v2\/media\/36838"}],"wp:attachment":[{"href":"https:\/\/www.caririemacao.com\/1\/wp-json\/wp\/v2\/media?parent=109985"}],"wp:term":[{"taxonomy":"category","embeddable":true,"href":"https:\/\/www.caririemacao.com\/1\/wp-json\/wp\/v2\/categories?post=109985"},{"taxonomy":"post_tag","embeddable":true,"href":"https:\/\/www.caririemacao.com\/1\/wp-json\/wp\/v2\/tags?post=109985"}],"curies":[{"name":"wp","href":"https:\/\/api.w.org\/{rel}","templated":true}]}}