{"id":110010,"date":"2019-08-13T08:53:35","date_gmt":"2019-08-13T11:53:35","guid":{"rendered":"http:\/\/www.caririemacao.com\/1\/?p=110010"},"modified":"2019-08-13T08:53:35","modified_gmt":"2019-08-13T11:53:35","slug":"previsao-do-tempo-para-esta-terca-feira-em-toda-paraiba-14","status":"publish","type":"post","link":"https:\/\/www.caririemacao.com\/1\/2019\/08\/13\/previsao-do-tempo-para-esta-terca-feira-em-toda-paraiba-14\/","title":{"rendered":"Previs\u00e3o do tempo para esta ter\u00e7a-feira em toda Para\u00edba"},"content":{"rendered":"\n<p>Os ventos que sopram do oceano Atl\u00e2ntico em dire\u00e7\u00e3o \u00e0 costa leste nordestina voltaram a deixar o tempo mais \u00famido sobre as regi\u00f5es do Litoral, Brejo e Agreste da Para\u00edba. Com isto, a nebulosidade fica vari\u00e1vel e prop\u00edcia \u00e0 ocorr\u00eancia de chuvas ocasionais nestas \u00e1reas.<\/p>\n\n\n\n<div class=\"wp-block-image\"><figure class=\"aligncenter\"><img decoding=\"async\" data-src=\"https:\/\/paraibaonline.com.br\/wp-content\/uploads\/2019\/08\/tempo1308.jpg\" alt=\"\" class=\"wp-image-757812 lazyload\" src=\"data:image\/svg+xml;base64,PHN2ZyB3aWR0aD0iMSIgaGVpZ2h0PSIxIiB4bWxucz0iaHR0cDovL3d3dy53My5vcmcvMjAwMC9zdmciPjwvc3ZnPg==\" \/><\/figure><\/div>\n\n\n\n<p>*Fonte: Aesa<\/p>\n","protected":false},"excerpt":{"rendered":"<p>Os ventos que sopram do oceano Atl\u00e2ntico em dire\u00e7\u00e3o \u00e0 costa leste nordestina voltaram a deixar o tempo mais \u00famido sobre as regi\u00f5es do Litoral,&hellip; <\/p>\n","protected":false},"author":1,"featured_media":60945,"comment_status":"closed","ping_status":"closed","sticky":false,"template":"","format":"standard","meta":{"sfsi_plus_gutenberg_text_before_share":"","sfsi_plus_gutenberg_show_text_before_share":"","sfsi_plus_gutenberg_icon_type":"","sfsi_plus_gutenberg_icon_alignemt":"","sfsi_plus_gutenburg_max_per_row":"","footnotes":""},"categories":[6],"tags":[],"class_list":["post-110010","post","type-post","status-publish","format-standard","has-post-thumbnail","hentry","category-cidades"],"_links":{"self":[{"href":"https:\/\/www.caririemacao.com\/1\/wp-json\/wp\/v2\/posts\/110010","targetHints":{"allow":["GET"]}}],"collection":[{"href":"https:\/\/www.caririemacao.com\/1\/wp-json\/wp\/v2\/posts"}],"about":[{"href":"https:\/\/www.caririemacao.com\/1\/wp-json\/wp\/v2\/types\/post"}],"author":[{"embeddable":true,"href":"https:\/\/www.caririemacao.com\/1\/wp-json\/wp\/v2\/users\/1"}],"replies":[{"embeddable":true,"href":"https:\/\/www.caririemacao.com\/1\/wp-json\/wp\/v2\/comments?post=110010"}],"version-history":[{"count":1,"href":"https:\/\/www.caririemacao.com\/1\/wp-json\/wp\/v2\/posts\/110010\/revisions"}],"predecessor-version":[{"id":110011,"href":"https:\/\/www.caririemacao.com\/1\/wp-json\/wp\/v2\/posts\/110010\/revisions\/110011"}],"wp:featuredmedia":[{"embeddable":true,"href":"https:\/\/www.caririemacao.com\/1\/wp-json\/wp\/v2\/media\/60945"}],"wp:attachment":[{"href":"https:\/\/www.caririemacao.com\/1\/wp-json\/wp\/v2\/media?parent=110010"}],"wp:term":[{"taxonomy":"category","embeddable":true,"href":"https:\/\/www.caririemacao.com\/1\/wp-json\/wp\/v2\/categories?post=110010"},{"taxonomy":"post_tag","embeddable":true,"href":"https:\/\/www.caririemacao.com\/1\/wp-json\/wp\/v2\/tags?post=110010"}],"curies":[{"name":"wp","href":"https:\/\/api.w.org\/{rel}","templated":true}]}}