{"id":110015,"date":"2019-08-13T08:58:56","date_gmt":"2019-08-13T11:58:56","guid":{"rendered":"http:\/\/www.caririemacao.com\/1\/?p=110015"},"modified":"2019-08-13T08:58:56","modified_gmt":"2019-08-13T11:58:56","slug":"cocozinho-petrificado-de-indio-barra-licenciamento-de-obras-diz-bolsonaro","status":"publish","type":"post","link":"https:\/\/www.caririemacao.com\/1\/2019\/08\/13\/cocozinho-petrificado-de-indio-barra-licenciamento-de-obras-diz-bolsonaro\/","title":{"rendered":"Cocozinho petrificado de \u00edndio barra licenciamento de obras, diz Bolsonaro"},"content":{"rendered":"\n<p>O presidente Jair Bolsonaro (PSL) voltou a falar em coc\u00f4 nesta segunda-feira (12), em Pelotas, no Rio Grande do Sul, durante cerim\u00f4nia para inaugurar duplica\u00e7\u00e3o de 47 km, de um total de 211 km, da BR-116 que liga Porto Alegre ao Porto de Rio Grande.<\/p>\n\n\n\n<p>Diferentemente da vez anterior, quando Bolsonaro sugeriu fazer coc\u00f4 em dias alternados para preservar o ambiente, o presidente afirmou agora que fezes de ind\u00edgenas podem atrapalhar licenciamentos de obras importantes.<\/p>\n\n\n\n<p>&#8220;Quando falam em terminal de cont\u00eainer, vale a pena. H\u00e1 anos um terminal de cont\u00eainer no Paran\u00e1, se n\u00e3o me engano, n\u00e3o sai do papel porque precisa agora tamb\u00e9m de um laudo ambiental da Funai. O cara vai l\u00e1, se encontrar &#8211; j\u00e1 que est\u00e1 na moda &#8211; um cocozinho petrificado de um \u00edndio, j\u00e1 era. N\u00e3o pode fazer mais nada ali. Tem que acabar com isso no Brasil. Tem que integrar o \u00edndio na sociedade e buscar projeto para nosso pa\u00eds&#8221;, disse o presidente.<\/p>\n\n\n\n<p>Bolsonaro n\u00e3o especificou qual obra estaria sendo prejudicada por &#8220;cocozinho petrificado&#8221; de ind\u00edgenas. No Paran\u00e1, por\u00e9m, diferentes comunidades ind\u00edgenas guaranis vivem pr\u00f3ximas ao Terminal de Cont\u00eaineres de Paranagu\u00e1. A empresa recebe apoio t\u00e9cnico da Funai (Funda\u00e7\u00e3o Nacional do \u00cdndio) em projetos para a popula\u00e7\u00e3o ind\u00edgena do local.<\/p>\n\n\n\n<p>A participa\u00e7\u00e3o da Funai nos licenciamentos ambientais de obras que afetam \u00e1reas ind\u00edgenas est\u00e1 prevista na Constitui\u00e7\u00e3o. A Funai pode se manifestar em todas etapas, da licen\u00e7a pr\u00e9via \u00e0 opera\u00e7\u00e3o.<\/p>\n\n\n\n<p>&#8220;A Constitui\u00e7\u00e3o Federal brasileira de 1988 prev\u00ea a garantia dos direitos ind\u00edgenas. No \u00a7 3\u00ba do art. 231, ela estabelece que o aproveitamento dos recursos h\u00eddricos, inclu\u00eddos os potenciais energ\u00e9ticos, a pesquisa e a lavra das riquezas minerais em terras ind\u00edgenas s\u00f3 podem ser efetivados com autoriza\u00e7\u00e3o do Congresso Nacional, ouvidas as comunidades afetadas&#8221;, informa o \u00f3rg\u00e3o.<\/p>\n\n\n\n<p>Bolsonaro tamb\u00e9m comentou sobre sua sugest\u00e3o de alternar os dias de fazer coc\u00f4 para preservar o ambiente. Ele disse que foi uma resposta a uma &#8220;pergunta idiota de um jornalista&#8221; e chamou o profissional tamb\u00e9m de idiota.<\/p>\n\n\n\n<p>&#8220;Respondi que \u00e9 s\u00f3 voc\u00ea cagar menos que com certeza a quest\u00e3o ambiental vai ser resolvida&#8221;, disse em Pelotas, ao ser questionado se suas declara\u00e7\u00f5es n\u00e3o acirravam a polariza\u00e7\u00e3o pol\u00edtica do pa\u00eds.<\/p>\n","protected":false},"excerpt":{"rendered":"<p>O presidente Jair Bolsonaro (PSL) voltou a falar em coc\u00f4 nesta segunda-feira (12), em Pelotas, no Rio Grande do Sul, durante cerim\u00f4nia para inaugurar duplica\u00e7\u00e3o&hellip; <\/p>\n","protected":false},"author":1,"featured_media":109939,"comment_status":"closed","ping_status":"closed","sticky":false,"template":"","format":"standard","meta":{"sfsi_plus_gutenberg_text_before_share":"","sfsi_plus_gutenberg_show_text_before_share":"","sfsi_plus_gutenberg_icon_type":"","sfsi_plus_gutenberg_icon_alignemt":"","sfsi_plus_gutenburg_max_per_row":"","footnotes":""},"categories":[11],"tags":[],"class_list":["post-110015","post","type-post","status-publish","format-standard","has-post-thumbnail","hentry","category-politica"],"_links":{"self":[{"href":"https:\/\/www.caririemacao.com\/1\/wp-json\/wp\/v2\/posts\/110015","targetHints":{"allow":["GET"]}}],"collection":[{"href":"https:\/\/www.caririemacao.com\/1\/wp-json\/wp\/v2\/posts"}],"about":[{"href":"https:\/\/www.caririemacao.com\/1\/wp-json\/wp\/v2\/types\/post"}],"author":[{"embeddable":true,"href":"https:\/\/www.caririemacao.com\/1\/wp-json\/wp\/v2\/users\/1"}],"replies":[{"embeddable":true,"href":"https:\/\/www.caririemacao.com\/1\/wp-json\/wp\/v2\/comments?post=110015"}],"version-history":[{"count":1,"href":"https:\/\/www.caririemacao.com\/1\/wp-json\/wp\/v2\/posts\/110015\/revisions"}],"predecessor-version":[{"id":110016,"href":"https:\/\/www.caririemacao.com\/1\/wp-json\/wp\/v2\/posts\/110015\/revisions\/110016"}],"wp:featuredmedia":[{"embeddable":true,"href":"https:\/\/www.caririemacao.com\/1\/wp-json\/wp\/v2\/media\/109939"}],"wp:attachment":[{"href":"https:\/\/www.caririemacao.com\/1\/wp-json\/wp\/v2\/media?parent=110015"}],"wp:term":[{"taxonomy":"category","embeddable":true,"href":"https:\/\/www.caririemacao.com\/1\/wp-json\/wp\/v2\/categories?post=110015"},{"taxonomy":"post_tag","embeddable":true,"href":"https:\/\/www.caririemacao.com\/1\/wp-json\/wp\/v2\/tags?post=110015"}],"curies":[{"name":"wp","href":"https:\/\/api.w.org\/{rel}","templated":true}]}}