{"id":110022,"date":"2019-08-13T09:11:40","date_gmt":"2019-08-13T12:11:40","guid":{"rendered":"http:\/\/www.caririemacao.com\/1\/?p=110022"},"modified":"2019-08-13T09:11:40","modified_gmt":"2019-08-13T12:11:40","slug":"bolsonaro-comanda-hoje-18a-reuniao-do-conselho-de-governo","status":"publish","type":"post","link":"https:\/\/www.caririemacao.com\/1\/2019\/08\/13\/bolsonaro-comanda-hoje-18a-reuniao-do-conselho-de-governo\/","title":{"rendered":"Bolsonaro comanda hoje 18\u00aa Reuni\u00e3o do Conselho de Governo"},"content":{"rendered":"\n<p>presidente Jair Bolsonaro comanda hoje (13) a 18\u00aa Reuni\u00e3o do Conselho de Governo, no Pal\u00e1cio da Alvorada, em Bras\u00edlia. Periodicamente, o alto escal\u00e3o se re\u00fane para avaliar as a\u00e7\u00f5es desenvolvidas e discutir as prioridades da agenda do governo federal.<\/p>\n\n\n\n<p>O encontro come\u00e7ou \u00e0s 8h20 e deve se estender durante toda a manh\u00e3. Estavam presentes, entre outros ministros Paulo Guedes, da Economia; Tereza Cristina, da Agricultura, Pecu\u00e1ria e Abastecimento; Ernesto Ara\u00fajo, das Rela\u00e7\u00f5es Exteriores; Abraham Weintraub, da Educa\u00e7\u00e3o; Sergio Moro, da Justi\u00e7a e Seguran\u00e7a P\u00fablica; e Onyx Lorenzoni, da Casa Civil. O vice-presidente Hamilton Mour\u00e3o tamb\u00e9m integra o grupo.<\/p>\n\n\n\n<p>Antes do encontro, Bolsonaro participou da cerim\u00f4nia de hasteamento da bandeira, na \u00e1rea externa do Alvorada. Desde o in\u00edcio do mandato, o presidente re\u00fane o grupo para o momento c\u00edvico na entrada da sua resid\u00eancia oficial.<\/p>\n\n\n\n<p>Ap\u00f3s a reuni\u00e3o ministerial, Bolsonaro se re\u00fane com Mour\u00e3o, ainda no Alvorada. \u00c0 tarde, o presidente despacha no Pal\u00e1cio do Planalto e, no \u00faltimo compromisso do dia, acompanha a solenidade de condecora\u00e7\u00e3o de comendas da Ordem do M\u00e9rito Judici\u00e1rio do Trabalho, no Tribunal Superior do Trabalho, em Bras\u00edlia.<\/p>\n","protected":false},"excerpt":{"rendered":"<p>presidente Jair Bolsonaro comanda hoje (13) a 18\u00aa Reuni\u00e3o do Conselho de Governo, no Pal\u00e1cio da Alvorada, em Bras\u00edlia. Periodicamente, o alto escal\u00e3o se re\u00fane&hellip; <\/p>\n","protected":false},"author":1,"featured_media":109562,"comment_status":"closed","ping_status":"closed","sticky":false,"template":"","format":"standard","meta":{"sfsi_plus_gutenberg_text_before_share":"","sfsi_plus_gutenberg_show_text_before_share":"","sfsi_plus_gutenberg_icon_type":"","sfsi_plus_gutenberg_icon_alignemt":"","sfsi_plus_gutenburg_max_per_row":"","footnotes":""},"categories":[11],"tags":[],"class_list":["post-110022","post","type-post","status-publish","format-standard","has-post-thumbnail","hentry","category-politica"],"_links":{"self":[{"href":"https:\/\/www.caririemacao.com\/1\/wp-json\/wp\/v2\/posts\/110022","targetHints":{"allow":["GET"]}}],"collection":[{"href":"https:\/\/www.caririemacao.com\/1\/wp-json\/wp\/v2\/posts"}],"about":[{"href":"https:\/\/www.caririemacao.com\/1\/wp-json\/wp\/v2\/types\/post"}],"author":[{"embeddable":true,"href":"https:\/\/www.caririemacao.com\/1\/wp-json\/wp\/v2\/users\/1"}],"replies":[{"embeddable":true,"href":"https:\/\/www.caririemacao.com\/1\/wp-json\/wp\/v2\/comments?post=110022"}],"version-history":[{"count":1,"href":"https:\/\/www.caririemacao.com\/1\/wp-json\/wp\/v2\/posts\/110022\/revisions"}],"predecessor-version":[{"id":110023,"href":"https:\/\/www.caririemacao.com\/1\/wp-json\/wp\/v2\/posts\/110022\/revisions\/110023"}],"wp:featuredmedia":[{"embeddable":true,"href":"https:\/\/www.caririemacao.com\/1\/wp-json\/wp\/v2\/media\/109562"}],"wp:attachment":[{"href":"https:\/\/www.caririemacao.com\/1\/wp-json\/wp\/v2\/media?parent=110022"}],"wp:term":[{"taxonomy":"category","embeddable":true,"href":"https:\/\/www.caririemacao.com\/1\/wp-json\/wp\/v2\/categories?post=110022"},{"taxonomy":"post_tag","embeddable":true,"href":"https:\/\/www.caririemacao.com\/1\/wp-json\/wp\/v2\/tags?post=110022"}],"curies":[{"name":"wp","href":"https:\/\/api.w.org\/{rel}","templated":true}]}}