{"id":110041,"date":"2019-08-13T09:59:35","date_gmt":"2019-08-13T12:59:35","guid":{"rendered":"http:\/\/www.caririemacao.com\/1\/?p=110041"},"modified":"2019-08-13T09:59:35","modified_gmt":"2019-08-13T12:59:35","slug":"ufpb-ufcg-e-uepb-paralisam-aulas-nesta-terca-em-protesto-pela-educacao","status":"publish","type":"post","link":"https:\/\/www.caririemacao.com\/1\/2019\/08\/13\/ufpb-ufcg-e-uepb-paralisam-aulas-nesta-terca-em-protesto-pela-educacao\/","title":{"rendered":"UFPB, UFCG e UEPB paralisam aulas nesta ter\u00e7a em protesto pela educa\u00e7\u00e3o"},"content":{"rendered":"\n<p>Professores da Universidade Federal da Para\u00edba (UFPB), Universidade Federal de Campina Grande (UFCG) e da Universidade Estadual da Para\u00edba (UEPB) v\u00e3o parar as atividades nesta ter\u00e7a-feira (13) em ades\u00e3o ao Dia Nacional de Greve da Educa\u00e7\u00e3o, que se manifesta contra o programa Future-se, do Governo Federal, e a favor de pautas sociais.<\/p>\n\n\n\n<p>Em Jo\u00e3o Pessoa, os professores da UFPB v\u00e3o promover uma manifesta\u00e7\u00e3o a partir das 14h em frente ao Lyceu Paraibano, Centro da Capital. &nbsp;Do Lyceu, os manifestantes v\u00e3o seguir em passeata pelo Centro at\u00e9 o Ponto de Cem R\u00e9is. Est\u00e3o programadas apresenta\u00e7\u00f5es culturais com a participa\u00e7\u00e3o de artistas locais.<\/p>\n\n\n\n<h2 class=\"wp-block-heading\"><strong>UFCG e UEPB<\/strong><\/h2>\n\n\n\n<p>Em Campina Grande, professores e estudantes da UFCG e da UEPB v\u00e3o promover uma manifesta\u00e7\u00e3o conjunta a partir das 8h em frente ao port\u00e3o principal da UFCG. Em seguida, ocorrer\u00e1 um ato p\u00fablico em frente a Reitoria da universidade e \u00e0s 9h30 sair\u00e3o em marcha at\u00e9 a Pra\u00e7a da Bandeira, para uma manifesta\u00e7\u00e3o a partir das 10h30.<\/p>\n\n\n\n<p><em>Com Portal Correio<\/em><\/p>\n","protected":false},"excerpt":{"rendered":"<p>Professores da Universidade Federal da Para\u00edba (UFPB), Universidade Federal de Campina Grande (UFCG) e da Universidade Estadual da Para\u00edba (UEPB) v\u00e3o parar as atividades nesta&hellip; <\/p>\n","protected":false},"author":1,"featured_media":110042,"comment_status":"closed","ping_status":"closed","sticky":false,"template":"","format":"standard","meta":{"sfsi_plus_gutenberg_text_before_share":"","sfsi_plus_gutenberg_show_text_before_share":"","sfsi_plus_gutenberg_icon_type":"","sfsi_plus_gutenberg_icon_alignemt":"","sfsi_plus_gutenburg_max_per_row":"","footnotes":""},"categories":[50,14],"tags":[],"class_list":["post-110041","post","type-post","status-publish","format-standard","has-post-thumbnail","hentry","category-destaque","category-educacao"],"_links":{"self":[{"href":"https:\/\/www.caririemacao.com\/1\/wp-json\/wp\/v2\/posts\/110041","targetHints":{"allow":["GET"]}}],"collection":[{"href":"https:\/\/www.caririemacao.com\/1\/wp-json\/wp\/v2\/posts"}],"about":[{"href":"https:\/\/www.caririemacao.com\/1\/wp-json\/wp\/v2\/types\/post"}],"author":[{"embeddable":true,"href":"https:\/\/www.caririemacao.com\/1\/wp-json\/wp\/v2\/users\/1"}],"replies":[{"embeddable":true,"href":"https:\/\/www.caririemacao.com\/1\/wp-json\/wp\/v2\/comments?post=110041"}],"version-history":[{"count":1,"href":"https:\/\/www.caririemacao.com\/1\/wp-json\/wp\/v2\/posts\/110041\/revisions"}],"predecessor-version":[{"id":110043,"href":"https:\/\/www.caririemacao.com\/1\/wp-json\/wp\/v2\/posts\/110041\/revisions\/110043"}],"wp:featuredmedia":[{"embeddable":true,"href":"https:\/\/www.caririemacao.com\/1\/wp-json\/wp\/v2\/media\/110042"}],"wp:attachment":[{"href":"https:\/\/www.caririemacao.com\/1\/wp-json\/wp\/v2\/media?parent=110041"}],"wp:term":[{"taxonomy":"category","embeddable":true,"href":"https:\/\/www.caririemacao.com\/1\/wp-json\/wp\/v2\/categories?post=110041"},{"taxonomy":"post_tag","embeddable":true,"href":"https:\/\/www.caririemacao.com\/1\/wp-json\/wp\/v2\/tags?post=110041"}],"curies":[{"name":"wp","href":"https:\/\/api.w.org\/{rel}","templated":true}]}}