{"id":110046,"date":"2019-08-13T10:03:32","date_gmt":"2019-08-13T13:03:32","guid":{"rendered":"http:\/\/www.caririemacao.com\/1\/?p=110046"},"modified":"2019-08-13T10:03:32","modified_gmt":"2019-08-13T13:03:32","slug":"governo-quer-aprovar-projeto-de-lei-sobre-previdencia-de-militares-sem-alteracoes","status":"publish","type":"post","link":"https:\/\/www.caririemacao.com\/1\/2019\/08\/13\/governo-quer-aprovar-projeto-de-lei-sobre-previdencia-de-militares-sem-alteracoes\/","title":{"rendered":"Governo quer aprovar projeto de lei sobre Previd\u00eancia de militares sem altera\u00e7\u00f5es"},"content":{"rendered":"\n<p>O ministro da Defesa, Fernando Azevedo e Silva, disse ontem (12) que espera que o Projeto de Lei (PL) 1645\/2019, que trata da nova Previd\u00eancia dos militares, seja aprovado sem altera\u00e7\u00f5es. &#8220;Espero que passe da melhor maneira poss\u00edvel, da maneira que est\u00e1&#8221;, acrescentou.<\/p>\n\n\n\n<p>A expectativa do governo \u00e9 de que seja instalada nesta ter\u00e7a-feira (13), no Congresso, a Comiss\u00e3o Especial que vai analisar o PL.&nbsp;<\/p>\n\n\n\n<p>&#8220;O Congresso \u00e9 soberano. As discuss\u00f5es v\u00e3o come\u00e7ar agora, mas foi um caminho longo&#8221;, disse Silva destacando que o texto j\u00e1 foi acordado com as for\u00e7as armadas, com a equipe econ\u00f4mica do governo federal e com o pr\u00f3prio presidente da Rep\u00fablica, Jair Bolsonaro.<\/p>\n\n\n\n<p>Questionado se n\u00e3o via como privil\u00e9gio os termos do PL que incluem, por exemplo, a manuten\u00e7\u00e3o da integralidade do sal\u00e1rio de servidores da ativa, o ministro discordou.<\/p>\n\n\n\n<p>&#8220;N\u00e3o vejo privil\u00e9gio algum. Se existe uma carreira dentre as carreiras de Estado, inclusive dentro do Executivo, que tem defasagem muito grande, \u00e9 a carreira militar&#8221;, disse.<\/p>\n","protected":false},"excerpt":{"rendered":"<p>O ministro da Defesa, Fernando Azevedo e Silva, disse ontem (12) que espera que o Projeto de Lei (PL) 1645\/2019, que trata da nova Previd\u00eancia&hellip; <\/p>\n","protected":false},"author":1,"featured_media":110047,"comment_status":"closed","ping_status":"closed","sticky":false,"template":"","format":"standard","meta":{"sfsi_plus_gutenberg_text_before_share":"","sfsi_plus_gutenberg_show_text_before_share":"","sfsi_plus_gutenberg_icon_type":"","sfsi_plus_gutenberg_icon_alignemt":"","sfsi_plus_gutenburg_max_per_row":"","footnotes":""},"categories":[11],"tags":[],"class_list":["post-110046","post","type-post","status-publish","format-standard","has-post-thumbnail","hentry","category-politica"],"_links":{"self":[{"href":"https:\/\/www.caririemacao.com\/1\/wp-json\/wp\/v2\/posts\/110046","targetHints":{"allow":["GET"]}}],"collection":[{"href":"https:\/\/www.caririemacao.com\/1\/wp-json\/wp\/v2\/posts"}],"about":[{"href":"https:\/\/www.caririemacao.com\/1\/wp-json\/wp\/v2\/types\/post"}],"author":[{"embeddable":true,"href":"https:\/\/www.caririemacao.com\/1\/wp-json\/wp\/v2\/users\/1"}],"replies":[{"embeddable":true,"href":"https:\/\/www.caririemacao.com\/1\/wp-json\/wp\/v2\/comments?post=110046"}],"version-history":[{"count":1,"href":"https:\/\/www.caririemacao.com\/1\/wp-json\/wp\/v2\/posts\/110046\/revisions"}],"predecessor-version":[{"id":110048,"href":"https:\/\/www.caririemacao.com\/1\/wp-json\/wp\/v2\/posts\/110046\/revisions\/110048"}],"wp:featuredmedia":[{"embeddable":true,"href":"https:\/\/www.caririemacao.com\/1\/wp-json\/wp\/v2\/media\/110047"}],"wp:attachment":[{"href":"https:\/\/www.caririemacao.com\/1\/wp-json\/wp\/v2\/media?parent=110046"}],"wp:term":[{"taxonomy":"category","embeddable":true,"href":"https:\/\/www.caririemacao.com\/1\/wp-json\/wp\/v2\/categories?post=110046"},{"taxonomy":"post_tag","embeddable":true,"href":"https:\/\/www.caririemacao.com\/1\/wp-json\/wp\/v2\/tags?post=110046"}],"curies":[{"name":"wp","href":"https:\/\/api.w.org\/{rel}","templated":true}]}}