{"id":110050,"date":"2019-08-13T10:05:44","date_gmt":"2019-08-13T13:05:44","guid":{"rendered":"http:\/\/www.caririemacao.com\/1\/?p=110050"},"modified":"2019-08-13T10:05:44","modified_gmt":"2019-08-13T13:05:44","slug":"cbf-altera-agenda-da-ultima-rodada-da-fase-de-grupos-da-serie-c","status":"publish","type":"post","link":"https:\/\/www.caririemacao.com\/1\/2019\/08\/13\/cbf-altera-agenda-da-ultima-rodada-da-fase-de-grupos-da-serie-c\/","title":{"rendered":"CBF altera agenda da \u00faltima rodada da fase de grupos da S\u00e9rie C"},"content":{"rendered":"\n<p><br>A \u00faltima e decisiva rodada do Grupo A da S\u00e9rie C do Campeonato Brasileiro mudou de data.<\/p>\n\n\n\n<p>A CBF confirmou nesta segunda-feira altera\u00e7\u00f5es na tabela, inclusive do Grupo A, para atender a grade de programa\u00e7\u00e3o dos detentores dos direitos de transmiss\u00e3o da competi\u00e7\u00e3o.<\/p>\n\n\n\n<p>Antes marcadas para o domingo, dia 25 de agosto, as partidas do Grupo A foram antecipadas para o s\u00e1bado (24), todas \u00e0s 17h.<\/p>\n\n\n\n<figure class=\"wp-block-image\"><img decoding=\"async\" data-src=\"https:\/\/paraibaonline.com.br\/wp-content\/uploads\/2019\/08\/ClassicoTradicao.jpg\" alt=\"\" class=\"wp-image-757747 lazyload\" src=\"data:image\/svg+xml;base64,PHN2ZyB3aWR0aD0iMSIgaGVpZ2h0PSIxIiB4bWxucz0iaHR0cDovL3d3dy53My5vcmcvMjAwMC9zdmciPjwvc3ZnPg==\" \/><\/figure>\n\n\n\n<p>Foto: Ascom \/ Botafogo-PB<\/p>\n\n\n\n<p>Na ocasi\u00e3o, no Amig\u00e3o, em Campina Grande, Treze e Botafogo-PB devem fazer um Cl\u00e1ssico Tradi\u00e7\u00e3o hist\u00f3rico, com o Galo lutando para permanecer na S\u00e9rie C e o Belo brigando para avan\u00e7ar ao mata-mata do acesso.<\/p>\n\n\n\n<p>Em rela\u00e7\u00e3o aos confrontos do Grupo B, todos foram mantidos no domingo (25), mas mudaram de hor\u00e1rio. Sa\u00edram das 19h15 para as 18h.<\/p>\n\n\n\n<p>Veja como ficou a agenda da \u00faltima rodada da fase classificat\u00f3ria da S\u00e9rie C 2019.<\/p>\n\n\n\n<blockquote class=\"wp-block-quote is-layout-flow wp-block-quote-is-layout-flow\"><p><strong>Grupo A<\/strong><\/p><\/blockquote>\n\n\n\n<p><em>Todos os jogos no s\u00e1bado, dia 24 de agosto, \u00e0s 17h<\/em><\/p>\n\n\n\n<ul class=\"wp-block-list\"><li>Globo FC x ABC (Barret\u00e3o)<\/li><li>Sampaio Corr\u00eaa x Imperatriz (Castel\u00e3o)<\/li><li>N\u00e1utico x Santa Cruz (Aflitos)<\/li><li>Treze x Botafogo-PB (Amig\u00e3o)<\/li><li>Ferrovi\u00e1rio x Confian\u00e7a (Arena Castel\u00e3o)<\/li><\/ul>\n\n\n\n<blockquote class=\"wp-block-quote is-layout-flow wp-block-quote-is-layout-flow\"><p><strong>Grupo B<\/strong><\/p><\/blockquote>\n\n\n\n<p>Todos os jogos no domingo, dia 25 de agosto, \u00e0s 18h<\/p>\n\n\n\n<ul class=\"wp-block-list\"><li>Atl\u00e9tico-AC x Luverdense (Arena da Floresta)<\/li><li>Paysandu x Remo (Mangueir\u00e3o)<\/li><li>Boa Esporte x Tombense (Dilzon Melo)<\/li><li>Juventude x Ypiranga-RS (Alfredo Jaconi)<\/li><li>S\u00e3o Jos\u00e9-RS x Volta Redonda (Passo D\u2019Areia)<\/li><\/ul>\n","protected":false},"excerpt":{"rendered":"<p>A \u00faltima e decisiva rodada do Grupo A da S\u00e9rie C do Campeonato Brasileiro mudou de data. A CBF confirmou nesta segunda-feira altera\u00e7\u00f5es na tabela,&hellip; <\/p>\n","protected":false},"author":1,"featured_media":110051,"comment_status":"closed","ping_status":"closed","sticky":false,"template":"","format":"standard","meta":{"sfsi_plus_gutenberg_text_before_share":"","sfsi_plus_gutenberg_show_text_before_share":"","sfsi_plus_gutenberg_icon_type":"","sfsi_plus_gutenberg_icon_alignemt":"","sfsi_plus_gutenburg_max_per_row":"","footnotes":""},"categories":[13],"tags":[],"class_list":["post-110050","post","type-post","status-publish","format-standard","has-post-thumbnail","hentry","category-esportes"],"_links":{"self":[{"href":"https:\/\/www.caririemacao.com\/1\/wp-json\/wp\/v2\/posts\/110050","targetHints":{"allow":["GET"]}}],"collection":[{"href":"https:\/\/www.caririemacao.com\/1\/wp-json\/wp\/v2\/posts"}],"about":[{"href":"https:\/\/www.caririemacao.com\/1\/wp-json\/wp\/v2\/types\/post"}],"author":[{"embeddable":true,"href":"https:\/\/www.caririemacao.com\/1\/wp-json\/wp\/v2\/users\/1"}],"replies":[{"embeddable":true,"href":"https:\/\/www.caririemacao.com\/1\/wp-json\/wp\/v2\/comments?post=110050"}],"version-history":[{"count":1,"href":"https:\/\/www.caririemacao.com\/1\/wp-json\/wp\/v2\/posts\/110050\/revisions"}],"predecessor-version":[{"id":110052,"href":"https:\/\/www.caririemacao.com\/1\/wp-json\/wp\/v2\/posts\/110050\/revisions\/110052"}],"wp:featuredmedia":[{"embeddable":true,"href":"https:\/\/www.caririemacao.com\/1\/wp-json\/wp\/v2\/media\/110051"}],"wp:attachment":[{"href":"https:\/\/www.caririemacao.com\/1\/wp-json\/wp\/v2\/media?parent=110050"}],"wp:term":[{"taxonomy":"category","embeddable":true,"href":"https:\/\/www.caririemacao.com\/1\/wp-json\/wp\/v2\/categories?post=110050"},{"taxonomy":"post_tag","embeddable":true,"href":"https:\/\/www.caririemacao.com\/1\/wp-json\/wp\/v2\/tags?post=110050"}],"curies":[{"name":"wp","href":"https:\/\/api.w.org\/{rel}","templated":true}]}}