{"id":110067,"date":"2019-08-13T13:47:50","date_gmt":"2019-08-13T16:47:50","guid":{"rendered":"http:\/\/www.caririemacao.com\/1\/?p=110067"},"modified":"2019-08-13T13:47:50","modified_gmt":"2019-08-13T16:47:50","slug":"inmet-faz-alerta-para-87-cidades-do-sertao-e-cariri-da-paraiba-devido-a-baixa-umidade-do-ar","status":"publish","type":"post","link":"https:\/\/www.caririemacao.com\/1\/2019\/08\/13\/inmet-faz-alerta-para-87-cidades-do-sertao-e-cariri-da-paraiba-devido-a-baixa-umidade-do-ar\/","title":{"rendered":"Inmet faz alerta para 87 cidades do Sert\u00e3o e Cariri da Para\u00edba devido a baixa umidade do ar"},"content":{"rendered":"\n<p>O Instituto Nacional de Meteorologia (Inmet) emitiu um alerta amarelo ao meio-dia desta ter\u00e7a-feira (13) devido \u00e0 baixa umidade relativa do ar em 87 cidades paraibanas. O alerta segue at\u00e9 as 19h de hoje e afeta v\u00e1rios munic\u00edpios da Para\u00edba, Pernambuco, Rio Grande do Norte, Cear\u00e1, Piau\u00ed e Bahia.<\/p>\n\n\n\n<p>De acordo com o alerta, a umidade relativa do ar poder\u00e1 variar entre 30% e 20%. Por este motivo, existe o risco potencial de inc\u00eandios florestais. Al\u00e9m disso, as pessoas tamb\u00e9m devem ficar atentas para efeitos \u00e0 sua pr\u00f3pria sa\u00fade.<\/p>\n\n\n\n<p>As recomenda\u00e7\u00f5es s\u00e3o para que a popula\u00e7\u00e3o beba bastante l\u00edquido, evite desgaste f\u00edsico nas horas mais secas e evite exposi\u00e7\u00e3o ao sol nas horas mais quentes do dia.<\/p>\n\n\n\n<figure class=\"wp-block-image\"><img decoding=\"async\" data-src=\"https:\/\/www.clickpb.com.br\/media\/filer_public\/e9\/90\/e990d149-d251-4df7-8a9e-f527685d9f4f\/alerta_paraiba.png\" alt=\"\" src=\"data:image\/svg+xml;base64,PHN2ZyB3aWR0aD0iMSIgaGVpZ2h0PSIxIiB4bWxucz0iaHR0cDovL3d3dy53My5vcmcvMjAwMC9zdmciPjwvc3ZnPg==\" class=\"lazyload\" \/><\/figure>\n\n\n\n<p><strong>Confira a lista de cidades atingidas:<\/strong><\/p>\n\n\n\n<p>\u00c1gua Branca&nbsp;<br>Aguiar&nbsp;<br>Aparecida<br>Areia De Bara\u00fanas&nbsp;<br>Bel\u00e9m Do Brejo Do Cruz&nbsp;<br>Bernardino Batista&nbsp;<br>Boa Ventura&nbsp;<br>Bom Jesus&nbsp;<br>Bom Sucesso&nbsp;<br>Bonito De Santa F\u00e9&nbsp;<br>Brejo Do Cruz&nbsp;<br>Brejo Dos Santos&nbsp;<br>Cachoeira Dos \u00cdndios&nbsp;<br>Cacimba De Areia&nbsp;<br>Cacimbas&nbsp;<br>Cajazeiras&nbsp;<br>Cajazeirinhas&nbsp;<br>Carrapateira&nbsp;<br>Catingueira&nbsp;<br>Catol\u00e9 Do Rocha&nbsp;<br>Concei\u00e7\u00e3o&nbsp;<br>Condado&nbsp;<br>Coremas<br>Curral Velho&nbsp;<br>Diamante&nbsp;<br>Emas<br>Frei Martinho&nbsp;<br>Ibiara<br>Igaracy<br>Imaculada<br>Itaporanga<br>Jeric\u00f3<br>Joca Claudino<br>Juru<br>Lagoa<br>Lastro<br>Malta<br>Mana\u00edra<br>Mariz\u00f3polis<br>Mato Grosso&nbsp;<br>Matur\u00e9ia<br>Monte Horebe&nbsp;<br>M\u00e3e D&#8217;\u00c1gua&nbsp;<br>Nazarezinho&nbsp;<br>Nova Olinda&nbsp;<br>Olho D&#8217;\u00c1gua&nbsp;<br>Passagem<br>Patos<br>Paulista<br>Pedra Branca&nbsp;<br>Pianc\u00f3<br>Pombal<br>Po\u00e7o Dantas&nbsp;<br>Po\u00e7o De Jos\u00e9 De Moura&nbsp;<br>Princesa Isabel&nbsp;<br>Quixab\u00e1&nbsp;<br>Riacho Dos Cavalos&nbsp;<br>Santa Cruz&nbsp;<br>Santa Helena&nbsp;<br>Santa In\u00eas&nbsp;<br>Santa Luzia&nbsp;<br>Santa Teresinha&nbsp;<br>Santana De Mangueira&nbsp;<br>Santana Dos Garrotes&nbsp;<br>Serra Grande&nbsp;<br>Sousa<br>S\u00e3o Bentinho&nbsp;<br>S\u00e3o Bento&nbsp;<br>S\u00e3o Domingos&nbsp;<br>S\u00e3o Francisco&nbsp;<br>S\u00e3o Jos\u00e9 Da Lagoa Tapada&nbsp;<br>S\u00e3o Jos\u00e9 De Caiana&nbsp;<br>S\u00e3o Jos\u00e9 De Espinharas&nbsp;<br>S\u00e3o Jos\u00e9 De Piranhas&nbsp;<br>S\u00e3o Jos\u00e9 De Princesa&nbsp;<br>S\u00e3o Jos\u00e9 Do Bonfim&nbsp;<br>S\u00e3o Jos\u00e9 Do Brejo Do Cruz&nbsp;<br>S\u00e3o Jos\u00e9 Do Sabugi&nbsp;<br>S\u00e3o Jo\u00e3o Do Rio Do Peixe&nbsp;<br>S\u00e3o Mamede&nbsp;<br>Tavares&nbsp;<br>Teixeira<br>Triunfo<br>Uira\u00fana<br>Vieir\u00f3polis<br>Vista Serrana&nbsp;<br>V\u00e1rzea<\/p>\n","protected":false},"excerpt":{"rendered":"<p>O Instituto Nacional de Meteorologia (Inmet) emitiu um alerta amarelo ao meio-dia desta ter\u00e7a-feira (13) devido \u00e0 baixa umidade relativa do ar em 87 cidades&hellip; <\/p>\n","protected":false},"author":1,"featured_media":79742,"comment_status":"closed","ping_status":"closed","sticky":false,"template":"","format":"standard","meta":{"sfsi_plus_gutenberg_text_before_share":"","sfsi_plus_gutenberg_show_text_before_share":"","sfsi_plus_gutenberg_icon_type":"","sfsi_plus_gutenberg_icon_alignemt":"","sfsi_plus_gutenburg_max_per_row":"","footnotes":""},"categories":[6,50],"tags":[],"class_list":["post-110067","post","type-post","status-publish","format-standard","has-post-thumbnail","hentry","category-cidades","category-destaque"],"_links":{"self":[{"href":"https:\/\/www.caririemacao.com\/1\/wp-json\/wp\/v2\/posts\/110067","targetHints":{"allow":["GET"]}}],"collection":[{"href":"https:\/\/www.caririemacao.com\/1\/wp-json\/wp\/v2\/posts"}],"about":[{"href":"https:\/\/www.caririemacao.com\/1\/wp-json\/wp\/v2\/types\/post"}],"author":[{"embeddable":true,"href":"https:\/\/www.caririemacao.com\/1\/wp-json\/wp\/v2\/users\/1"}],"replies":[{"embeddable":true,"href":"https:\/\/www.caririemacao.com\/1\/wp-json\/wp\/v2\/comments?post=110067"}],"version-history":[{"count":1,"href":"https:\/\/www.caririemacao.com\/1\/wp-json\/wp\/v2\/posts\/110067\/revisions"}],"predecessor-version":[{"id":110069,"href":"https:\/\/www.caririemacao.com\/1\/wp-json\/wp\/v2\/posts\/110067\/revisions\/110069"}],"wp:featuredmedia":[{"embeddable":true,"href":"https:\/\/www.caririemacao.com\/1\/wp-json\/wp\/v2\/media\/79742"}],"wp:attachment":[{"href":"https:\/\/www.caririemacao.com\/1\/wp-json\/wp\/v2\/media?parent=110067"}],"wp:term":[{"taxonomy":"category","embeddable":true,"href":"https:\/\/www.caririemacao.com\/1\/wp-json\/wp\/v2\/categories?post=110067"},{"taxonomy":"post_tag","embeddable":true,"href":"https:\/\/www.caririemacao.com\/1\/wp-json\/wp\/v2\/tags?post=110067"}],"curies":[{"name":"wp","href":"https:\/\/api.w.org\/{rel}","templated":true}]}}