{"id":110076,"date":"2019-08-13T13:52:45","date_gmt":"2019-08-13T16:52:45","guid":{"rendered":"http:\/\/www.caririemacao.com\/1\/?p=110076"},"modified":"2019-08-13T13:52:45","modified_gmt":"2019-08-13T16:52:45","slug":"deputado-diz-que-universidades-se-tornaram-antro-da-esquerda-e-estudantes-saem-parecendo-araras","status":"publish","type":"post","link":"https:\/\/www.caririemacao.com\/1\/2019\/08\/13\/deputado-diz-que-universidades-se-tornaram-antro-da-esquerda-e-estudantes-saem-parecendo-araras\/","title":{"rendered":"Deputado diz que universidades se tornaram antro da esquerda e estudantes saem parecendo araras"},"content":{"rendered":"\n<p>O deputado federal Julian Lemos (PSL) criticou, em entrevista na noite desta segunda-feira (12), a balb\u00fardia que acomete as universidades federais em todo o pa\u00eds e tamb\u00e9m na Para\u00edba. A entrevista, concedida ao jornalista Heron Cid, foi ao ar no programa Frente a Frente, veiculado pela TV Arapuan.<\/p>\n\n\n\n<p>Julian Lemos afirmou que os estudantes saem das universidades de modo completamente diferente do que entraram. \u201cRealmente, de fato, voc\u00ea entra de um jeito e sai de l\u00e1 parecendo uma arara. Cabelo vermelho, maconheiro, muitas vezes \u00e9 assim\u201d, considerou.<\/p>\n\n\n\n<p>De acordo com o deputado, as universidades \u201cse tornaram um antro de ideologias de esquerda\u201d. Ele ainda afirmou que conhece professores que \u201cfalam que \u00e9 uma verdadeira loucura aquilo ali\u201d.<\/p>\n\n\n\n<p>O deputado federal paraibano \u00e9 um dos principais nomes ligados ao presidente Jair Bolsonaro no estado. Durante as elei\u00e7\u00f5es, ele chegou a ser o coordenador da campanha de Bolsonaro no Nordeste.<\/p>\n\n\n\n<figure><iframe width=\"560\" height=\"315\" data-src=\"https:\/\/www.youtube.com\/embed\/_fkeK9byEAM\" allowfullscreen=\"\" src=\"data:image\/svg+xml;base64,PHN2ZyB3aWR0aD0iMSIgaGVpZ2h0PSIxIiB4bWxucz0iaHR0cDovL3d3dy53My5vcmcvMjAwMC9zdmciPjwvc3ZnPg==\" class=\"lazyload\" data-load-mode=\"1\"><\/iframe><\/figure>\n","protected":false},"excerpt":{"rendered":"<p>O deputado federal Julian Lemos (PSL) criticou, em entrevista na noite desta segunda-feira (12), a balb\u00fardia que acomete as universidades federais em todo o pa\u00eds&hellip; <\/p>\n","protected":false},"author":1,"featured_media":110075,"comment_status":"closed","ping_status":"closed","sticky":false,"template":"","format":"standard","meta":{"sfsi_plus_gutenberg_text_before_share":"","sfsi_plus_gutenberg_show_text_before_share":"","sfsi_plus_gutenberg_icon_type":"","sfsi_plus_gutenberg_icon_alignemt":"","sfsi_plus_gutenburg_max_per_row":"","footnotes":""},"categories":[11],"tags":[],"class_list":["post-110076","post","type-post","status-publish","format-standard","has-post-thumbnail","hentry","category-politica"],"_links":{"self":[{"href":"https:\/\/www.caririemacao.com\/1\/wp-json\/wp\/v2\/posts\/110076","targetHints":{"allow":["GET"]}}],"collection":[{"href":"https:\/\/www.caririemacao.com\/1\/wp-json\/wp\/v2\/posts"}],"about":[{"href":"https:\/\/www.caririemacao.com\/1\/wp-json\/wp\/v2\/types\/post"}],"author":[{"embeddable":true,"href":"https:\/\/www.caririemacao.com\/1\/wp-json\/wp\/v2\/users\/1"}],"replies":[{"embeddable":true,"href":"https:\/\/www.caririemacao.com\/1\/wp-json\/wp\/v2\/comments?post=110076"}],"version-history":[{"count":1,"href":"https:\/\/www.caririemacao.com\/1\/wp-json\/wp\/v2\/posts\/110076\/revisions"}],"predecessor-version":[{"id":110077,"href":"https:\/\/www.caririemacao.com\/1\/wp-json\/wp\/v2\/posts\/110076\/revisions\/110077"}],"wp:featuredmedia":[{"embeddable":true,"href":"https:\/\/www.caririemacao.com\/1\/wp-json\/wp\/v2\/media\/110075"}],"wp:attachment":[{"href":"https:\/\/www.caririemacao.com\/1\/wp-json\/wp\/v2\/media?parent=110076"}],"wp:term":[{"taxonomy":"category","embeddable":true,"href":"https:\/\/www.caririemacao.com\/1\/wp-json\/wp\/v2\/categories?post=110076"},{"taxonomy":"post_tag","embeddable":true,"href":"https:\/\/www.caririemacao.com\/1\/wp-json\/wp\/v2\/tags?post=110076"}],"curies":[{"name":"wp","href":"https:\/\/api.w.org\/{rel}","templated":true}]}}