{"id":110080,"date":"2019-08-13T13:55:20","date_gmt":"2019-08-13T16:55:20","guid":{"rendered":"http:\/\/www.caririemacao.com\/1\/?p=110080"},"modified":"2019-08-13T13:55:20","modified_gmt":"2019-08-13T16:55:20","slug":"trabalhadores-que-nao-desejam-sacar-credito-do-fgts-devem-efetuar-cancelamento","status":"publish","type":"post","link":"https:\/\/www.caririemacao.com\/1\/2019\/08\/13\/trabalhadores-que-nao-desejam-sacar-credito-do-fgts-devem-efetuar-cancelamento\/","title":{"rendered":"Trabalhadores que n\u00e3o desejam sacar cr\u00e9dito do FGTS devem efetuar cancelamento"},"content":{"rendered":"\n<p><br>Em entrevista \u00e0 R\u00e1dio Campina FM, o professor Pedro Melo, especialista em direito do trabalhador, esclareceu d\u00favidas relacionadas ao saque do Fundo de Garantia do Tempo de Servi\u00e7o (FGTS).<\/p>\n\n\n\n<p>\u2013 O governo federal tem uma pol\u00edtica atual de que o trabalhador que tem cr\u00e9dito no FGTS ter\u00e1 esse valor dispon\u00edvel e creditado em sua conta poupan\u00e7a vinculado \u00e0 Caixa, e se n\u00e3o tem interesse na retirada do valor, se faz necess\u00e1rio o cancelamento \u2013 explicou.<\/p>\n\n\n\n<figure class=\"wp-block-image\"><img decoding=\"async\" data-src=\"https:\/\/paraibaonline.com.br\/wp-content\/uploads\/2019\/01\/dinheiro0201.jpg\" alt=\"Foto: Ag\u00eancia Brasil\" class=\"wp-image-554078 lazyload\" src=\"data:image\/svg+xml;base64,PHN2ZyB3aWR0aD0iMSIgaGVpZ2h0PSIxIiB4bWxucz0iaHR0cDovL3d3dy53My5vcmcvMjAwMC9zdmciPjwvc3ZnPg==\" \/><\/figure>\n\n\n\n<p>Foto: Ag\u00eancia Brasil<\/p>\n\n\n\n<p>\u2013 O dinheiro sai da sua conta do FGTS e vai diretamente para a conta poupan\u00e7a ou corrente da Caixa Econ\u00f4mica, para que a pessoa saque ou gaste como quiser \u2013 contou.<\/p>\n\n\n\n<p>Pedro tamb\u00e9m salientou que o cr\u00e9dito autom\u00e1tico s\u00f3 funcionar\u00e1 para as pessoas com contas na Caixa Econ\u00f4mica Federal.<\/p>\n\n\n\n<p>\u2013 A pessoa pode cancelar ligando para o n\u00famero da Central de Atendimento ou pelo site \u2013 disse.<\/p>\n\n\n\n<p>De acordo com o professor, \u00e9 necess\u00e1rio que o trabalhador esteja ciente de que uma vez sacado esse valor, em caso de futura demiss\u00e3o, o saque do restante do valor n\u00e3o ser\u00e1 mais realizado da mesma forma.<\/p>\n\n\n\n<p>\u2013 No momento de demiss\u00e3o, que \u00e9 quando o trabalhador mais precisa desses valores, ele n\u00e3o mais poder\u00e1 sacar o valor integral do seu FGTS. A medida n\u00e3o d\u00e1 uma possibilidade de novo saque, de novo cr\u00e9dito. O dinheiro fica l\u00e1 dispon\u00edvel em um prazo de 60 dias, e n\u00e3o existe uma previs\u00e3o de regularidade. Est\u00e1 previsto para acontecer agora de forma escalonada. Ou seja, alguns em setembro, outros em outubro, e assim sucessivamente \u2013 afirmou.<\/p>\n\n\n\n<p>O cancelamento do cr\u00e9dito autom\u00e1tico j\u00e1 pode ser realizado atrav\u00e9s da Central de Atendimento pelo n\u00famero 0800 724 2019 ou pelo site&nbsp;<a href=\"http:\/\/fgts.caixa.gov.br\/\">fgts.caixa.gov.br<\/a>, at\u00e9 o dia 30 de abril de 2020.<\/p>\n","protected":false},"excerpt":{"rendered":"<p>Em entrevista \u00e0 R\u00e1dio Campina FM, o professor Pedro Melo, especialista em direito do trabalhador, esclareceu d\u00favidas relacionadas ao saque do Fundo de Garantia do&hellip; <\/p>\n","protected":false},"author":1,"featured_media":106099,"comment_status":"closed","ping_status":"closed","sticky":false,"template":"","format":"standard","meta":{"sfsi_plus_gutenberg_text_before_share":"","sfsi_plus_gutenberg_show_text_before_share":"","sfsi_plus_gutenberg_icon_type":"","sfsi_plus_gutenberg_icon_alignemt":"","sfsi_plus_gutenburg_max_per_row":"","footnotes":""},"categories":[11],"tags":[],"class_list":["post-110080","post","type-post","status-publish","format-standard","has-post-thumbnail","hentry","category-politica"],"_links":{"self":[{"href":"https:\/\/www.caririemacao.com\/1\/wp-json\/wp\/v2\/posts\/110080","targetHints":{"allow":["GET"]}}],"collection":[{"href":"https:\/\/www.caririemacao.com\/1\/wp-json\/wp\/v2\/posts"}],"about":[{"href":"https:\/\/www.caririemacao.com\/1\/wp-json\/wp\/v2\/types\/post"}],"author":[{"embeddable":true,"href":"https:\/\/www.caririemacao.com\/1\/wp-json\/wp\/v2\/users\/1"}],"replies":[{"embeddable":true,"href":"https:\/\/www.caririemacao.com\/1\/wp-json\/wp\/v2\/comments?post=110080"}],"version-history":[{"count":1,"href":"https:\/\/www.caririemacao.com\/1\/wp-json\/wp\/v2\/posts\/110080\/revisions"}],"predecessor-version":[{"id":110081,"href":"https:\/\/www.caririemacao.com\/1\/wp-json\/wp\/v2\/posts\/110080\/revisions\/110081"}],"wp:featuredmedia":[{"embeddable":true,"href":"https:\/\/www.caririemacao.com\/1\/wp-json\/wp\/v2\/media\/106099"}],"wp:attachment":[{"href":"https:\/\/www.caririemacao.com\/1\/wp-json\/wp\/v2\/media?parent=110080"}],"wp:term":[{"taxonomy":"category","embeddable":true,"href":"https:\/\/www.caririemacao.com\/1\/wp-json\/wp\/v2\/categories?post=110080"},{"taxonomy":"post_tag","embeddable":true,"href":"https:\/\/www.caririemacao.com\/1\/wp-json\/wp\/v2\/tags?post=110080"}],"curies":[{"name":"wp","href":"https:\/\/api.w.org\/{rel}","templated":true}]}}